{"id":1306,"date":"2018-06-26T20:57:26","date_gmt":"2018-06-26T18:57:26","guid":{"rendered":"http:\/\/lelegendaire.fr\/?p=1306"},"modified":"2022-10-13T21:15:44","modified_gmt":"2022-10-13T19:15:44","slug":"1306","status":"publish","type":"post","link":"https:\/\/lelegendaire.fr\/index.php\/2018\/06\/26\/1306\/","title":{"rendered":"Ligue de l&rsquo;enseignement 28"},"content":{"rendered":"<p>[vc_row][vc_column width=\u00a0\u00bb1\/2&Prime;][vc_single_image image=\u00a0\u00bb1256&Prime; img_size=\u00a0\u00bbfull\u00a0\u00bb][\/vc_column][vc_column width=\u00a0\u00bb1\/2&Prime;][vc_wp_text]La <a href=\"https:\/\/www.laliguedelenseignement-28.fr\/\" target=\"_blank\" rel=\"noopener noreferrer\">Ligue de l\u2019enseignement d\u2019Eure-et-Loir<\/a> est un mouvement associatif, la\u00efque, qui r\u00e9unit des hommes et des femmes qui agissent au quotidien pour faire vivre la citoyennet\u00e9 en favorisant l\u2019acc\u00e8s de toutes et tous \u00e0 l\u2019\u00e9ducation, la culture, aux loisirs et au sport.<\/p>\n<p>La F\u00e9d\u00e9ration de l\u2019Eure-et-Loir a choisi, parmi les diff\u00e9rents objectifs de ce manifeste, de s\u2019engager \u00e0 combattre les fractures et le repli sur l\u2019individualisme, par l\u2019encouragement \u00e0 l\u2019action individuelle et collective, source et moyen de la transformation sociale, autrement dit : par l\u2019\u00e9ducation populaire.<br \/>\nPour cela, elle s\u2019est donn\u00e9 un objectif prioritaire : que ses actions, contribuent \u00e0 la participation collective des populations, jeunes et adultes, \u00e0 la chose publique.[\/vc_wp_text][\/vc_column][\/vc_row]<\/p>\n","protected":false},"excerpt":{"rendered":"<p>[vc_row][vc_column width=\u00a0\u00bb1\/2&Prime;][vc_single_image image=\u00a0\u00bb1256&Prime; img_size=\u00a0\u00bbfull\u00a0\u00bb][\/vc_column][vc_column width=\u00a0\u00bb1\/2&Prime;][vc_wp_text]La Ligue de l\u2019enseignement d\u2019Eure-et-Loir est un mouvement associatif, la\u00efque, qui r\u00e9unit des hommes et des femmes qui agissent au quotidien pour faire vivre la citoyennet\u00e9 en favorisant l\u2019acc\u00e8s de toutes et tous \u00e0 l\u2019\u00e9ducation, la culture, aux loisirs et au sport. La F\u00e9d\u00e9ration de l\u2019Eure-et-Loir a choisi, parmi les diff\u00e9rents objectifs de ce manifeste, de s\u2019engager \u00e0 combattre les fractures et le repli sur l\u2019individualisme, par l\u2019encouragement \u00e0 l\u2019action individuelle et collective, source et moyen de la transformation sociale, autrement dit : par l\u2019\u00e9ducation populaire. Pour cela, elle s\u2019est donn\u00e9 un objectif prioritaire : que ses actions, contribuent \u00e0 la participation collective des populations, jeunes et adultes, \u00e0 la chose publique.[\/vc_wp_text][\/vc_column][\/vc_row]<\/p>\n","protected":false},"author":1,"featured_media":208,"comment_status":"open","ping_status":"open","sticky":false,"template":"","format":"standard","meta":[],"categories":[9],"tags":[],"_links":{"self":[{"href":"https:\/\/lelegendaire.fr\/index.php\/wp-json\/wp\/v2\/posts\/1306"}],"collection":[{"href":"https:\/\/lelegendaire.fr\/index.php\/wp-json\/wp\/v2\/posts"}],"about":[{"href":"https:\/\/lelegendaire.fr\/index.php\/wp-json\/wp\/v2\/types\/post"}],"author":[{"embeddable":true,"href":"https:\/\/lelegendaire.fr\/index.php\/wp-json\/wp\/v2\/users\/1"}],"replies":[{"embeddable":true,"href":"https:\/\/lelegendaire.fr\/index.php\/wp-json\/wp\/v2\/comments?post=1306"}],"version-history":[{"count":3,"href":"https:\/\/lelegendaire.fr\/index.php\/wp-json\/wp\/v2\/posts\/1306\/revisions"}],"predecessor-version":[{"id":1313,"href":"https:\/\/lelegendaire.fr\/index.php\/wp-json\/wp\/v2\/posts\/1306\/revisions\/1313"}],"wp:featuredmedia":[{"embeddable":true,"href":"https:\/\/lelegendaire.fr\/index.php\/wp-json\/wp\/v2\/media\/208"}],"wp:attachment":[{"href":"https:\/\/lelegendaire.fr\/index.php\/wp-json\/wp\/v2\/media?parent=1306"}],"wp:term":[{"taxonomy":"category","embeddable":true,"href":"https:\/\/lelegendaire.fr\/index.php\/wp-json\/wp\/v2\/categories?post=1306"},{"taxonomy":"post_tag","embeddable":true,"href":"https:\/\/lelegendaire.fr\/index.php\/wp-json\/wp\/v2\/tags?post=1306"}],"curies":[{"name":"wp","href":"https:\/\/api.w.org\/{rel}","templated":true}]}}