{"id":1415,"date":"2020-06-27T03:02:06","date_gmt":"2020-06-27T01:02:06","guid":{"rendered":"http:\/\/lelegendaire.fr\/?p=1415"},"modified":"2021-10-28T18:53:04","modified_gmt":"2021-10-28T16:53:04","slug":"fabien-coll-2017","status":"publish","type":"post","link":"https:\/\/lelegendaire.fr\/index.php\/2020\/06\/27\/fabien-coll-2017\/","title":{"rendered":"DESSINE-MOI UNE HISTOIRE \u2022\u00a0Moonlight Project"},"content":{"rendered":"<p>[vc_row][vc_column width=\u00a0\u00bb2\/3&Prime;][vc_gallery interval=\u00a0\u00bb3&Prime; images=\u00a0\u00bb1419,1418,1417,1416&Prime; img_size=\u00a0\u00bbfull\u00a0\u00bb onclick=\u00a0\u00bb\u00a0\u00bb][vc_wp_text]Le vitrailliste Fabien Coll [Moonlight Project] a enseign\u00e9 l&rsquo;art de la peinture sur verre aux enfants du centre de loisirs du Rigeard pendant 3 jours. Les cr\u00e9ations ont \u00e9t\u00e9 accroch\u00e9es en haut de la tour Carr\u00e9e du Ch\u00e2teau de Maintenon et certaines \u0153uvres ont \u00e9t\u00e9 projet\u00e9es en int\u00e9rieur.<\/p>\n<p>2017 \u2022 Dans le cadre de \u00ab\u00a0C&rsquo;est mon patrimoine\u00a0\u00bb aux Rencontres du L\u00e9gendaire, organis\u00e9 par la Cie Hamsa et le CD28[\/vc_wp_text][\/vc_column][vc_column width=\u00a0\u00bb1\/3&Prime;][vc_single_image image=\u00a0\u00bb1420&Prime; img_size=\u00a0\u00bbfull\u00a0\u00bb alignment=\u00a0\u00bbright\u00a0\u00bb][vc_btn title=\u00a0\u00bbMoonlight Project\u00a0\u00bb align=\u00a0\u00bbcenter\u00a0\u00bb link=\u00a0\u00bburl:https%3A%2F%2Fwww.moonlight-proj.com%2F|title:Fabien%20Coll|target:%20_blank|\u00a0\u00bb][\/vc_column][\/vc_row]<\/p>\n","protected":false},"excerpt":{"rendered":"<p>[vc_row][vc_column width=\u00a0\u00bb2\/3&Prime;][vc_gallery interval=\u00a0\u00bb3&Prime; images=\u00a0\u00bb1419,1418,1417,1416&Prime; img_size=\u00a0\u00bbfull\u00a0\u00bb onclick=\u00a0\u00bb\u00a0\u00bb][vc_wp_text]Le vitrailliste Fabien Coll [Moonlight Project] a enseign\u00e9 l&rsquo;art de la peinture sur verre aux enfants du centre de loisirs du Rigeard pendant 3 jours. Les cr\u00e9ations ont \u00e9t\u00e9 accroch\u00e9es en haut de la tour Carr\u00e9e du Ch\u00e2teau de Maintenon et certaines \u0153uvres ont \u00e9t\u00e9 projet\u00e9es en int\u00e9rieur. 2017 \u2022 Dans le cadre de \u00ab\u00a0C&rsquo;est mon patrimoine\u00a0\u00bb aux Rencontres du L\u00e9gendaire, organis\u00e9 par la Cie Hamsa et le CD28[\/vc_wp_text][\/vc_column][vc_column width=\u00a0\u00bb1\/3&Prime;][vc_single_image image=\u00a0\u00bb1420&Prime; img_size=\u00a0\u00bbfull\u00a0\u00bb alignment=\u00a0\u00bbright\u00a0\u00bb][vc_btn title=\u00a0\u00bbMoonlight Project\u00a0\u00bb align=\u00a0\u00bbcenter\u00a0\u00bb link=\u00a0\u00bburl:https%3A%2F%2Fwww.moonlight-proj.com%2F|title:Fabien%20Coll|target:%20_blank|\u00a0\u00bb][\/vc_column][\/vc_row]<\/p>\n","protected":false},"author":1,"featured_media":1417,"comment_status":"open","ping_status":"open","sticky":false,"template":"","format":"standard","meta":[],"categories":[15,10,39],"tags":[],"_links":{"self":[{"href":"https:\/\/lelegendaire.fr\/index.php\/wp-json\/wp\/v2\/posts\/1415"}],"collection":[{"href":"https:\/\/lelegendaire.fr\/index.php\/wp-json\/wp\/v2\/posts"}],"about":[{"href":"https:\/\/lelegendaire.fr\/index.php\/wp-json\/wp\/v2\/types\/post"}],"author":[{"embeddable":true,"href":"https:\/\/lelegendaire.fr\/index.php\/wp-json\/wp\/v2\/users\/1"}],"replies":[{"embeddable":true,"href":"https:\/\/lelegendaire.fr\/index.php\/wp-json\/wp\/v2\/comments?post=1415"}],"version-history":[{"count":7,"href":"https:\/\/lelegendaire.fr\/index.php\/wp-json\/wp\/v2\/posts\/1415\/revisions"}],"predecessor-version":[{"id":3112,"href":"https:\/\/lelegendaire.fr\/index.php\/wp-json\/wp\/v2\/posts\/1415\/revisions\/3112"}],"wp:featuredmedia":[{"embeddable":true,"href":"https:\/\/lelegendaire.fr\/index.php\/wp-json\/wp\/v2\/media\/1417"}],"wp:attachment":[{"href":"https:\/\/lelegendaire.fr\/index.php\/wp-json\/wp\/v2\/media?parent=1415"}],"wp:term":[{"taxonomy":"category","embeddable":true,"href":"https:\/\/lelegendaire.fr\/index.php\/wp-json\/wp\/v2\/categories?post=1415"},{"taxonomy":"post_tag","embeddable":true,"href":"https:\/\/lelegendaire.fr\/index.php\/wp-json\/wp\/v2\/tags?post=1415"}],"curies":[{"name":"wp","href":"https:\/\/api.w.org\/{rel}","templated":true}]}}