{"id":1756,"date":"2021-07-08T19:03:23","date_gmt":"2021-07-08T17:03:23","guid":{"rendered":"http:\/\/lelegendaire.fr\/?p=1756"},"modified":"2021-07-08T19:07:17","modified_gmt":"2021-07-08T17:07:17","slug":"lepopee-des-steppes-contes-et-legendes-de-mongolie-patrick-fischmann","status":"publish","type":"post","link":"https:\/\/lelegendaire.fr\/index.php\/2021\/07\/08\/lepopee-des-steppes-contes-et-legendes-de-mongolie-patrick-fischmann\/","title":{"rendered":"L\u2019\u00c9POP\u00c9E DES STEPPES &#8211; Contes et l\u00e9gendes de Mongolie &#8211; PATRICK FISCHMANN"},"content":{"rendered":"<p><img loading=\"lazy\" class=\"size-medium wp-image-2018 aligncenter\" src=\"http:\/\/lelegendaire.fr\/wp-content\/uploads\/2020\/10\/PatrickFischmann-1_credit-TheatreDuVivant_carre-300x249.jpg\" alt=\"\" width=\"300\" height=\"249\" srcset=\"https:\/\/lelegendaire.fr\/wp-content\/uploads\/2020\/10\/PatrickFischmann-1_credit-TheatreDuVivant_carre-300x249.jpg 300w, https:\/\/lelegendaire.fr\/wp-content\/uploads\/2020\/10\/PatrickFischmann-1_credit-TheatreDuVivant_carre-1024x851.jpg 1024w, https:\/\/lelegendaire.fr\/wp-content\/uploads\/2020\/10\/PatrickFischmann-1_credit-TheatreDuVivant_carre-768x638.jpg 768w, https:\/\/lelegendaire.fr\/wp-content\/uploads\/2020\/10\/PatrickFischmann-1_credit-TheatreDuVivant_carre-1536x1277.jpg 1536w, https:\/\/lelegendaire.fr\/wp-content\/uploads\/2020\/10\/PatrickFischmann-1_credit-TheatreDuVivant_carre-2048x1703.jpg 2048w, https:\/\/lelegendaire.fr\/wp-content\/uploads\/2020\/10\/PatrickFischmann-1_credit-TheatreDuVivant_carre-1140x948.jpg 1140w\" sizes=\"(max-width: 300px) 100vw, 300px\" \/>[vc_row][vc_column width=\u00a0\u00bb1\/6&Prime;][vc_column_text]<\/p>\n<p style=\"text-align: center;\"><span style=\"color: #993366;\"><b>\u00a0<\/b><strong>DU 03 AU 06 NOVEMBRE 2020<\/strong><\/span><\/p>\n<p style=\"text-align: center;\"><b><span style=\"color: #800080;\"><span style=\"color: #993366;\">S\u00e9ances scolaires<\/span><\/span><\/b><\/p>\n<p>[\/vc_column_text][\/vc_column][vc_column width=\u00a0\u00bb1\/6&Prime;][vc_column_text]<\/p>\n<p style=\"text-align: center;\"><span style=\"color: #993366;\"><b>VERNOUILLET<br \/>\n<\/b><\/span><b><span style=\"color: #993366;\">Salle des f\u00eates l&rsquo;Agora<\/span><br \/>\n<\/b><a href=\"https:\/\/goo.gl\/maps\/7UgHcdMNYXYD1EGVA\" target=\"_blank\" rel=\"noopener noreferrer\">Esplanade du 8 mai 1945 &#8211; Maurice Legendre<\/a><\/p>\n<p>[\/vc_column_text][\/vc_column][vc_column width=\u00a0\u00bb1\/6&Prime;][vc_column_text]<\/p>\n<p style=\"text-align: center;\"><span style=\"color: #993366;\">Coll\u00e9giens \u00e0 partir de 12 ans<\/span><\/p>\n<p style=\"text-align: center;\"><span style=\"color: #993366;\"><strong><b>Patrick Fischmann<\/b><\/strong><\/span><\/p>\n<p style=\"text-align: center;\">conte<br \/>\nchant<br \/>\ntambour<br \/>\nguimbarde<br \/>\nmandore vietnamienne<br \/>\nquatro<\/p>\n<p>[\/vc_column_text][\/vc_column][vc_column width=\u00a0\u00bb1\/2&Prime;][vc_column_text]<span style=\"color: #993366;\"><b><i> L\u2019\u00e9pop\u00e9e des steppes<\/i><\/b><\/span><span style=\"font-weight: 400;\"> &#8211;\u00a0<\/span>Contes et l\u00e9gendes de Mongolie<\/p>\n<p>Patrick Fischmann nous emporte dans une terre de l\u00e9gendes o\u00f9 l\u2019homme est le fils du loup, le fr\u00e8re du chameau, de la marmotte et du cheval. Dans l\u2019infini des steppes, le barde aveugle s\u2019av\u00e8re \u00eatre un guide clairvoyant, la fille du Khan est sauv\u00e9e par les fils du chaman, l\u2019homme-loup devient le compagnon d\u2019une princesse. Des r\u00e9cits uniques o\u00f9 se croisent bardes-h\u00e9ros, chamans, astres et animaux, magiciens et chefs de clan. Des paraboles capt\u00e9es dans une nature sauvage qui c\u00e9l\u00e8bre l\u2019unit\u00e9 du Vivant.<\/p>\n<p>[\/vc_column_text][\/vc_column][vc_column width=\u00a0\u00bb1\/6&Prime;][vc_column_text]<\/p>\n<p style=\"text-align: center;\"><span style=\"color: #993366;\">Pour les CP jusqu&rsquo;au CM2 \/ \u00e0 partir de 6 ans<\/span><\/p>\n<p style=\"text-align: center;\"><span style=\"color: #993366;\"><b>Patrick Fischmann<\/b><\/span><\/p>\n<p style=\"text-align: center;\">conte<\/p>\n<p style=\"text-align: center;\">chant<\/p>\n<p style=\"text-align: center;\">guitares<\/p>\n<p style=\"text-align: center;\">\u00e9pinette<\/p>\n<p style=\"text-align: center;\">tovshuur mongol<\/p>\n<p style=\"text-align: center;\">tambour<\/p>\n<p style=\"text-align: center;\">guimbarde<\/p>\n<p style=\"text-align: center;\">quatro<\/p>\n<p>[\/vc_column_text][\/vc_column][vc_column width=\u00a0\u00bb1\/2&Prime;][vc_column_text]<span style=\"color: #993366;\"><b><i>\u00a0<\/i><\/b><em><b>Le c\u0153ur de l\u2019arbre <\/b><\/em><\/span>&#8211; Contes et l\u00e9gendes arboricoles<\/p>\n<p>Histoires des souches, des arbres musiciens, des ch\u00eanes et des baobabs, des porteurs de sagesses et de fruits. La voix, les mots et les images s&rsquo;entrem\u00ealent avec la musique et la po\u00e9sie tout comme dans un arbre. \u201cAu centre du monde il y une clairi\u00e8re. Au milieu de la clairi\u00e8re il est un arbre florissant. Et sur cet arbre vivent des milliers d&rsquo;oiseaux\u2026 Et chacun d&rsquo;entre eux dit comme il voit le monde, Comme il le voit de sa propre branche. Approchons-nous de l&rsquo;arbre ! Chacun \u00e0 son tour va prendre la parole\u2026\u201d<\/p>\n<p>[\/vc_column_text][\/vc_column][vc_column][vc_wp_text]<\/p>\n<p>[\/vc_wp_text][vc_zigzag color=\u00a0\u00bbcustom\u00a0\u00bb custom_color=\u00a0\u00bb#a0005b\u00a0\u00bb][vc_wp_text][\/vc_wp_text][\/vc_column][\/vc_row][vc_row][vc_column width=\u00a0\u00bb1\/2&Prime;][vc_wp_text] <span style=\"color: #993366;\"><b><a style=\"color: #993366;\" href=\"http:\/\/patrickfischmann.com\/\" target=\"_blank\" rel=\"noopener noreferrer\">Patrick Fischmann<\/a> <\/b><\/span><\/p>\n<p>Conteur, \u00e9crivain et po\u00e8te, Patrick Fischmann voyage parmi les nomades et les peuples racines dont il collecte les histoires et les chants. Il s\u2019en inspire pour d\u00e9velopper son propre univers po\u00e9tique et r\u00e9veiller des contes du monde entier avec joie et sensibilit\u00e9. Sa passion de transmettre la musique des mots \u00e0 travers l\u2019oralit\u00e9 et la magie de la parole \u00e0 travers l\u2019\u00e9crit fait de lui l\u2019un des principaux auteurs de la fameuse collection \u201ccontes des sages\u201d aux \u00e9ditions du Seuil. Chanteur, musicien, sensible \u00e0 la m\u00e9lodie de chaque sagesse, il est un passeur d\u2019images qui prend soin du monde.<\/p>\n<p><iframe title=\"Rencontres d&#039;Aubrac 2014   Concert d&#039;ouverture des 19es Rencontres\" width=\"960\" height=\"540\" src=\"https:\/\/www.youtube.com\/embed\/h9BYgYQbmMM?feature=oembed\" frameborder=\"0\" allow=\"accelerometer; autoplay; clipboard-write; encrypted-media; gyroscope; picture-in-picture\" allowfullscreen><\/iframe><\/p>\n<p>[\/vc_wp_text][\/vc_column][\/vc_row]<\/p>\n","protected":false},"excerpt":{"rendered":"<p>[vc_row][vc_column width=\u00a0\u00bb1\/6&Prime;][vc_column_text] \u00a0DU 03 AU 06 NOVEMBRE 2020 S\u00e9ances scolaires [\/vc_column_text][\/vc_column][vc_column width=\u00a0\u00bb1\/6&Prime;][vc_column_text] VERNOUILLET Salle des f\u00eates l&rsquo;Agora Esplanade du 8 mai 1945 &#8211; Maurice Legendre [\/vc_column_text][\/vc_column][vc_column width=\u00a0\u00bb1\/6&Prime;][vc_column_text] Coll\u00e9giens \u00e0 partir de 12 ans Patrick Fischmann conte chant tambour guimbarde mandore vietnamienne quatro [\/vc_column_text][\/vc_column][vc_column width=\u00a0\u00bb1\/2&Prime;][vc_column_text] L\u2019\u00e9pop\u00e9e des steppes &#8211;\u00a0Contes et l\u00e9gendes de Mongolie Patrick Fischmann nous emporte dans une terre de l\u00e9gendes o\u00f9 l\u2019homme est le fils du loup, le fr\u00e8re du chameau, de la marmotte et du cheval. Dans l\u2019infini des steppes, le barde aveugle s\u2019av\u00e8re \u00eatre un guide clairvoyant, la fille du Khan est sauv\u00e9e par les fils du chaman, l\u2019homme-loup devient le compagnon d\u2019une princesse. Des r\u00e9cits uniques o\u00f9 se croisent bardes-h\u00e9ros, chamans, astres et animaux, magiciens et chefs de clan. Des paraboles capt\u00e9es dans une nature sauvage qui c\u00e9l\u00e8bre l\u2019unit\u00e9 du Vivant. [\/vc_column_text][\/vc_column][vc_column width=\u00a0\u00bb1\/6&Prime;][vc_column_text] Pour les CP jusqu&rsquo;au CM2 \/ \u00e0 partir de 6 ans Patrick Fischmann conte chant guitares \u00e9pinette tovshuur mongol tambour guimbarde quatro [\/vc_column_text][\/vc_column][vc_column width=\u00a0\u00bb1\/2&Prime;][vc_column_text]\u00a0Le c\u0153ur de l\u2019arbre &#8211; Contes et l\u00e9gendes arboricoles Histoires des souches, des arbres musiciens, des ch\u00eanes et des baobabs, des porteurs de sagesses et de fruits. La voix, les mots et les images s&rsquo;entrem\u00ealent avec la musique et la po\u00e9sie tout comme dans un arbre. \u201cAu centre du monde il y une clairi\u00e8re. Au milieu de la clairi\u00e8re il est un arbre florissant. Et sur cet arbre vivent des milliers d&rsquo;oiseaux\u2026 Et chacun d&rsquo;entre eux dit comme il voit le monde, Comme il le voit de sa propre branche. Approchons-nous de l&rsquo;arbre ! Chacun \u00e0 son tour va prendre la parole\u2026\u201d [\/vc_column_text][\/vc_column][vc_column][vc_wp_text] [\/vc_wp_text][vc_zigzag color=\u00a0\u00bbcustom\u00a0\u00bb custom_color=\u00a0\u00bb#a0005b\u00a0\u00bb][vc_wp_text][\/vc_wp_text][\/vc_column][\/vc_row][vc_row][vc_column width=\u00a0\u00bb1\/2&Prime;][vc_wp_text] Patrick Fischmann Conteur, \u00e9crivain et po\u00e8te, Patrick Fischmann voyage parmi les nomades et les peuples racines dont il collecte les histoires et les chants. Il s\u2019en inspire pour d\u00e9velopper son propre univers po\u00e9tique et r\u00e9veiller des contes du monde entier avec joie et sensibilit\u00e9. Sa passion de transmettre la musique des mots \u00e0 travers l\u2019oralit\u00e9 et la magie de la parole \u00e0 travers l\u2019\u00e9crit fait de lui l\u2019un des principaux auteurs de la fameuse collection \u201ccontes des sages\u201d aux \u00e9ditions du Seuil. Chanteur, musicien, sensible \u00e0 la m\u00e9lodie de chaque sagesse, il est un passeur d\u2019images qui prend soin du monde. [\/vc_wp_text][\/vc_column][\/vc_row]<\/p>\n","protected":false},"author":2,"featured_media":0,"comment_status":"open","ping_status":"open","sticky":false,"template":"","format":"standard","meta":[],"categories":[10],"tags":[],"_links":{"self":[{"href":"https:\/\/lelegendaire.fr\/index.php\/wp-json\/wp\/v2\/posts\/1756"}],"collection":[{"href":"https:\/\/lelegendaire.fr\/index.php\/wp-json\/wp\/v2\/posts"}],"about":[{"href":"https:\/\/lelegendaire.fr\/index.php\/wp-json\/wp\/v2\/types\/post"}],"author":[{"embeddable":true,"href":"https:\/\/lelegendaire.fr\/index.php\/wp-json\/wp\/v2\/users\/2"}],"replies":[{"embeddable":true,"href":"https:\/\/lelegendaire.fr\/index.php\/wp-json\/wp\/v2\/comments?post=1756"}],"version-history":[{"count":13,"href":"https:\/\/lelegendaire.fr\/index.php\/wp-json\/wp\/v2\/posts\/1756\/revisions"}],"predecessor-version":[{"id":2025,"href":"https:\/\/lelegendaire.fr\/index.php\/wp-json\/wp\/v2\/posts\/1756\/revisions\/2025"}],"wp:attachment":[{"href":"https:\/\/lelegendaire.fr\/index.php\/wp-json\/wp\/v2\/media?parent=1756"}],"wp:term":[{"taxonomy":"category","embeddable":true,"href":"https:\/\/lelegendaire.fr\/index.php\/wp-json\/wp\/v2\/categories?post=1756"},{"taxonomy":"post_tag","embeddable":true,"href":"https:\/\/lelegendaire.fr\/index.php\/wp-json\/wp\/v2\/tags?post=1756"}],"curies":[{"name":"wp","href":"https:\/\/api.w.org\/{rel}","templated":true}]}}