{"id":1958,"date":"2020-10-06T17:21:22","date_gmt":"2020-10-06T15:21:22","guid":{"rendered":"http:\/\/lelegendaire.fr\/?p=1958"},"modified":"2021-07-13T15:55:39","modified_gmt":"2021-07-13T13:55:39","slug":"invites","status":"publish","type":"post","link":"https:\/\/lelegendaire.fr\/index.php\/2020\/10\/06\/invites\/","title":{"rendered":"INVIT\u00c9S"},"content":{"rendered":"<p>[vc_row][vc_column][vc_column_text][\/vc_column_text][\/vc_column][\/vc_row][vc_row][vc_column width=\u00a0\u00bb1\/4&Prime;][vc_tta_accordion shape=\u00a0\u00bbround\u00a0\u00bb color=\u00a0\u00bbmulled-wine\u00a0\u00bb c_align=\u00a0\u00bbcenter\u00a0\u00bb c_icon=\u00a0\u00bbtriangle\u00a0\u00bb c_position=\u00a0\u00bbright\u00a0\u00bb active_section=\u00a0\u00bb1&Prime; collapsible_all=\u00a0\u00bbtrue\u00a0\u00bb css=\u00a0\u00bb.vc_custom_1603807850516{background-color: #ffffff !important;}\u00a0\u00bb][vc_tta_section title=\u00a0\u00bbCATHERINE ZARCATE\u00a0\u00bb tab_id=\u00a0\u00bb1568332734093-40372444-7baa\u00a0\u00bb][vc_single_image image=\u00a0\u00bb2231&Prime; alignment=\u00a0\u00bbcenter\u00a0\u00bb style=\u00a0\u00bbvc_box_border_circle_2&Prime;][\/vc_tta_section][vc_tta_section title=\u00a0\u00bbConteuse \u2022 Auteure\u00a0\u00bb tab_id=\u00a0\u00bb1568332734118-e912a1f9-3530&Prime;][vc_column_text css=\u00a0\u00bb.vc_custom_1603448586012{background-color: #f9f9f9 !important;}\u00a0\u00bb]Catherine ZARCATE, conte depuis 40 ans. Elle fait partie des conteurs de la \u00ab premi\u00e8re g\u00e9n\u00e9ration \u00bb qui ont initi\u00e9 le renouveau du conte en France. Ses spectacles ont inaugur\u00e9 le conte pour adultes sous une forme philosophique. Elle conte \u00e9galement pour les enfants d\u00e8s sept ans. Elle aime les vastes fresques autant que les r\u00e9cits intimistes et peut conter des nuits enti\u00e8res. Elle est connue comme une artiste aimant unir, dans chaque spectacle, la profondeur et l\u2019humour.<br \/>\nFemme pr\u00e9sente \u00e0 son monde, elle interroge avec douceur notre relation \u00e0 la vie, au f\u00e9minin.<br \/>\nSon travail, fond\u00e9 dans le patrimoine mondial des contes, mythes et \u00e9pop\u00e9es, fait r\u00e9sonner leur dimension contemporaine et nous touche, ici et maintenant, dans notre humanit\u00e9. Sensible \u00e0 la nature et \u00e0 la n\u00e9cessit\u00e9 de s\u2019y relier, elle oriente maintenant certains r\u00e9cits en ce sens.<\/p>\n<hr \/>\n<p><a href=\"https:\/\/catherine-zarcate.com\/\">https:\/\/catherine-zarcate.com\/<\/a>[\/vc_column_text][\/vc_tta_section][\/vc_tta_accordion][vc_tta_accordion shape=\u00a0\u00bbround\u00a0\u00bb color=\u00a0\u00bbmulled-wine\u00a0\u00bb c_align=\u00a0\u00bbcenter\u00a0\u00bb c_icon=\u00a0\u00bbtriangle\u00a0\u00bb c_position=\u00a0\u00bbright\u00a0\u00bb active_section=\u00a0\u00bb1&Prime; collapsible_all=\u00a0\u00bbtrue\u00a0\u00bb css=\u00a0\u00bb.vc_custom_1568340249697{background-color: #ffffff !important;}\u00a0\u00bb][vc_tta_section title=\u00a0\u00bbPASCAL FAULIOT\u00a0\u00bb tab_id=\u00a0\u00bb1568341481089-a635f55d-ffe8&Prime;][vc_single_image image=\u00a0\u00bb2229&Prime; alignment=\u00a0\u00bbcenter\u00a0\u00bb style=\u00a0\u00bbvc_box_border_circle_2&Prime;][\/vc_tta_section][vc_tta_section title=\u00a0\u00bbconteur auteur\u00a0\u00bb tab_id=\u00a0\u00bb1568341481256-34364d53-f339&Prime;][vc_column_text]Pascal FAULIOT fait partie des pionniers du renouveau du conte. Au fil du temps, il s\u2019est<br \/>\nimpos\u00e9 comme le grand sp\u00e9cialiste des contes de sagesse et des l\u00e9gendes de l\u2019Asie. Il s\u2019est<br \/>\nillustr\u00e9 \u00e9galement dans les premiers spectacles exp\u00e9rimentaux de contes musicaux et gestuels<br \/>\navec des musiciens, des chanteurs et des danseurs. Il rejoint le CLIO de Bruno de la Salle en<br \/>\n1981, d\u00e8s sa fondation, o\u00f9 il co-\u00e9crit le R\u00e9cit de Sch\u00e9h\u00e9razade, et le Cycle du Roi Arthur;<br \/>\npour Le Festival d\u2019Avignon et France-Culture. Il collabore \u00e9galement aux cr\u00e9ations de la Cie du Cercle d\u2019Abbi Patrix, o\u00f9 il co-\u00e9crit notamment La guerre des Corbeaux et des Hiboux; avant de fonder la Cie Hamsa avec Martine Salmon, chor\u00e9graphe, danseuse et slameuse. Ils cr\u00e9ent des spectacles qui tourneront dans de nombreux festivals, des Sc\u00e8nes Nationales, des m\u00e9diath\u00e8ques et des mus\u00e9es.<br \/>\nC\u2019est en pratiquant dans son adolescence les Arts Martiaux japonais avec un ma\u00eetre tr\u00e8s expert en contes zen et en l\u00e9gendes de samoura\u00efs qu\u2019il prend go\u00fbt \u00e0 l\u2019art du r\u00e9cit ! Il recueille ces histoires, les raconte et les publie en 1981 sous le titre \u00ab Les contes des Arts Martiaux \u00bb (Albin Michel), un ouvrage, traduit dans plusieurs langues, qui fait r\u00e9f\u00e9rence. Il \u00e9crit ensuite 18 recueils de contes et l\u00e9gendes, notamment aux \u00e9ditions du Seuil dans la collection; contes des sages; cr\u00e9\u00e9e par Henri Gougaud. Il est \u00e9galement le directeur du L\u00e9gendaire, festival de contes et l\u00e9gendes en Eure et Loir et le directeur de la collection de contes, ApprentisSages, aux \u00e9ditions Cipango.[\/vc_column_text][\/vc_tta_section][\/vc_tta_accordion][vc_tta_accordion shape=\u00a0\u00bbround\u00a0\u00bb color=\u00a0\u00bbjuicy-pink\u00a0\u00bb c_align=\u00a0\u00bbcenter\u00a0\u00bb c_icon=\u00a0\u00bbtriangle\u00a0\u00bb c_position=\u00a0\u00bbright\u00a0\u00bb active_section=\u00a0\u00bb1&Prime; collapsible_all=\u00a0\u00bbtrue\u00a0\u00bb css=\u00a0\u00bb.vc_custom_1603808040457{background-color: #ffffff !important;}\u00a0\u00bb][vc_tta_section title=\u00a0\u00bbTHIERRY BERLANDA\u00a0\u00bb tab_id=\u00a0\u00bb1568341137541-1f32abc9-de20&Prime;][vc_single_image image=\u00a0\u00bb2234&Prime; alignment=\u00a0\u00bbcenter\u00a0\u00bb style=\u00a0\u00bbvc_box_border_circle_2&Prime;][\/vc_tta_section][vc_tta_section title=\u00a0\u00bbPhilosophe conf\u00e9rencier auteur\u00a0\u00bb tab_id=\u00a0\u00bb1568341137688-148de767-989e\u00a0\u00bb][vc_column_text css=\u00a0\u00bb.vc_custom_1603450291511{background-color: #f9f9f9 !important;}\u00a0\u00bb]<a href=\"https:\/\/www.thierry-berlanda.com\/\">Thierry Berlanda<\/a> est philosophe, conf\u00e9rencier et auteur prolixe aussi bien de \u00ab\u00a0techno triller\u00a0\u00bb<br \/>\nque de polars historiques et d\u2019essais. L\u2019insigne du Boiteux et L\u2019affaire Creutzwald sont ses romans les plus connus. Il vient de oublier un nouveau thriller, D\u00e9viation Nord.<\/p>\n<p><em>Je suis n\u00e9 \u00e0 Paris et j&rsquo;y vis, entour\u00e9 de ma famille, d&rsquo;amis et de livres, tout en haut d&rsquo;un immeuble d&rsquo;o\u00f9 je vois la Tour Eiffel, la Tour Montparnasse, le Sacr\u00e9 C\u0153ur, les va-et-vient des longs courriers, et aussi les \u00e9toiles. Depuis une quarantaine d&rsquo;ann\u00e9es (j&rsquo;ai commenc\u00e9 tr\u00e8s jeune), j&rsquo;\u00e9cris environ un roman tous les ans, comme un pommier fait des pommes, mais je ne conserve que les plus beaux fruits. Un \u00e9crivain est d&rsquo;abord son style, et le style est d&rsquo;abord un rythme : chez moi, c&rsquo;est la rencontre de la litt\u00e9rature classique et du\u00a0 Rock. Malgr\u00e9 la grande vari\u00e9t\u00e9 apparente de ce que je produis, je ne poursuis qu&rsquo;un seul but : montrer l&rsquo;humanit\u00e9 nue, dans sa v\u00e9rit\u00e9.<\/em>[\/vc_column_text][\/vc_tta_section][\/vc_tta_accordion][vc_tta_accordion shape=\u00a0\u00bbround\u00a0\u00bb color=\u00a0\u00bborange\u00a0\u00bb c_align=\u00a0\u00bbcenter\u00a0\u00bb c_icon=\u00a0\u00bbtriangle\u00a0\u00bb c_position=\u00a0\u00bbright\u00a0\u00bb active_section=\u00a0\u00bb1&Prime; collapsible_all=\u00a0\u00bbtrue\u00a0\u00bb css=\u00a0\u00bb.vc_custom_1603807920002{background-color: #ffffff !important;}\u00a0\u00bb][vc_tta_section title=\u00a0\u00bbMARTINE LAFON\u00a0\u00bb tab_id=\u00a0\u00bb1568341228269-a1bbd0b7-aab4&Prime;][vc_single_image image=\u00a0\u00bb2242&Prime; alignment=\u00a0\u00bbcenter\u00a0\u00bb style=\u00a0\u00bbvc_box_border_circle_2&Prime;][\/vc_tta_section][vc_tta_section title=\u00a0\u00bbIllustratrice &#8211; plasticienne\u00a0\u00bb tab_id=\u00a0\u00bb1568341228425-26b19ca4-22eb\u00a0\u00bb][vc_column_text]N\u00e9e en 1954, <a href=\"http:\/\/www.martinelafon.com\/\">Martine Lafon<\/a> est une artiste plasticienne et auteure. Pr\u00e9sent\u00e9e comme une artiste du livre, elle m\u00e8ne une pratique \u00e9ditoriale dans laquelle la multiplicit\u00e9 des techniques et mat\u00e9riaux qu&rsquo;elle utilise la place dans une logique de multiplication d&rsquo;images o\u00f9 la polys\u00e9mie amplifie les signes et les sens. Elle vit \u00e0 Paris et dans le sud de la France.<\/p>\n<p>Martine Lafon a \u00e9tudi\u00e9 \u00e0 l\u2019\u00c9cole des Beaux-arts de Saint-\u00c9tienne de 1972 \u00e0 1974 et a poursuivi son cursus \u00e0 l\u2019\u00c9cole des Beaux-arts de N\u00eemes puis \u00e0 l&amp;#39;Ensba (\u00c9cole nationale sup\u00e9rieure des Beaux-arts de Paris) o\u00f9 elle obtient le dipl\u00f4me sup\u00e9rieur d&rsquo;arts plastiques dans les techniques de l&rsquo;estampe en 1980. Elle poursuit alors son travail dans le domaine de la gravure et de l&rsquo;\u00e9dition. En 1988, un voyage en R\u00e9publique d\u00e9mocratique allemande R.D.A. \u00e0 Berlin, Leipzig et Dresde oriente son travail sur les limites du paysage. Elle d\u00e9veloppe cette d\u00e9marche de mani\u00e8re d\u00e9cisionnelle au d\u00e9but des ann\u00e9es 90, dans l&rsquo;ex-Allemagne de l&rsquo;Est, ainsi qu&rsquo;\u00e0 Prague, mais \u00e9galement en France en observant les fronti\u00e8res historiques et en associant toujours la photographie et la gravure ou le dessin.<br \/>\nElle est invit\u00e9e en 2011 en r\u00e9sidence d&rsquo;artiste en Lettonie pour comprendre ce qu&amp;#39;il reste de ce<br \/>\npays de l&rsquo;ancien Empire russe, dans la peinture de Mark Rothko, et en pr\u00e9sente la restitution<br \/>\nen 2016 au Centre Mark Rothko \u00e0 Daugavpils.<br \/>\nMartine Lafon fonde en 1996, l&rsquo;atelier post-rodo avec G\u00e9rard Depralon.<br \/>\nC&rsquo;est en 1997 qu&rsquo;elle entame une r\u00e9flexion sur la couleur rouge 5 \u00a0en mettant en parall\u00e8le deux robes, celle de la Vierge \u00e0 l&rsquo;enfant du Ma\u00eetre de Narni, XV e \u00a0si\u00e8cle 6 \u00a0et une paper dress d&rsquo;Andy Warhol. En collaboration avec Esther Moench est \u00e9dit\u00e9 La Robe rouge chez post-rodo en 1997.<br \/>\nDepuis 1992, Martine Lafon conduit une r\u00e9flexion sur le territoire, rural ou urbain, qu&rsquo;elle transcrit par la gravure, le dessin et la photographie. [\u2026] En observant les livres dans lesquels elle intervient on est frapp\u00e9 par la quasi omnipr\u00e9sence du rouge\u2026[\/vc_column_text][\/vc_tta_section][\/vc_tta_accordion][vc_tta_accordion shape=\u00a0\u00bbround\u00a0\u00bb color=\u00a0\u00bbjuicy-pink\u00a0\u00bb c_align=\u00a0\u00bbcenter\u00a0\u00bb c_icon=\u00a0\u00bbtriangle\u00a0\u00bb c_position=\u00a0\u00bbright\u00a0\u00bb active_section=\u00a0\u00bb1&Prime; collapsible_all=\u00a0\u00bbtrue\u00a0\u00bb css=\u00a0\u00bb.vc_custom_1568340006449{background-color: #ffffff !important;}\u00a0\u00bb][vc_tta_section title=\u00a0\u00bbCHARLES-MAXENCE LAYET\u00a0\u00bb tab_id=\u00a0\u00bb1568332451585-bbbc8211-96d3&Prime;][vc_single_image image=\u00a0\u00bb2239&Prime; alignment=\u00a0\u00bbcenter\u00a0\u00bb style=\u00a0\u00bbvc_box_border_circle\u00a0\u00bb][\/vc_tta_section][vc_tta_section title=\u00a0\u00bbEthnologue Journaliste\u00a0\u00bb tab_id=\u00a0\u00bb1568332451611-3f3585a3-9e2d\u00a0\u00bb][vc_column_text]Maxence Layet est journaliste scientifique, conf\u00e9rencier et auteur de livres, d&rsquo;articles et de documentaires sp\u00e9cialis\u00e9s dans l&rsquo;innovation, les alternatives, la cyberculture, les m\u00e9decines douces, les nouvelles technologies de l&rsquo;\u00e9nergie et l&rsquo;environnement \u00e9lectromagn\u00e9tique. Co-auteur des films documentaires Les sacrifi\u00e9s des ondes, Du Quinton contre la Hernie Discale (BigBangBoum Films), et Sous le feu des ondes produit et diffus\u00e9 par Arte en 2009, Maxence Layet est \u00e9galement directeur de collection aux Editions Tredaniel et Courrier du Livre, o\u00f9 il a notamment \u00e9crit, co-\u00e9crit ou supervis\u00e9 les ouvrages L&rsquo;\u00e9nergie secr\u00e8te de l&rsquo;univers, Quinton, le s\u00e9rum de la vie, Electroculture et Energies libres, Lumi\u00e8re : m\u00e9decine du futur, Le sang, r\u00e9v\u00e9lateur de l&rsquo;inconscient, Le code cach\u00e9 des miracles de J\u00e9sus et Lakhovsky : le G\u00e9nie desAnneaux.[\/vc_column_text][\/vc_tta_section][\/vc_tta_accordion][\/vc_column][vc_column width=\u00a0\u00bb1\/4&Prime;][vc_tta_accordion shape=\u00a0\u00bbround\u00a0\u00bb color=\u00a0\u00bbjuicy-pink\u00a0\u00bb c_align=\u00a0\u00bbcenter\u00a0\u00bb c_icon=\u00a0\u00bbtriangle\u00a0\u00bb c_position=\u00a0\u00bbright\u00a0\u00bb active_section=\u00a0\u00bb1&Prime; collapsible_all=\u00a0\u00bbtrue\u00a0\u00bb css=\u00a0\u00bb.vc_custom_1568339665028{background-color: #ffffff !important;}\u00a0\u00bb][vc_tta_section title=\u00a0\u00bbNO\u00cbLLE BR\u00c9HAM\u00a0\u00bb tab_id=\u00a0\u00bb1568331717388-c7c9c8c8-1f98&Prime;][vc_single_image image=\u00a0\u00bb2232&Prime; alignment=\u00a0\u00bbcenter\u00a0\u00bb style=\u00a0\u00bbvc_box_border_circle_2&Prime;][\/vc_tta_section][vc_tta_section title=\u00a0\u00bbJournaliste \u2022 Auteure\u00a0\u00bb tab_id=\u00a0\u00bb1568331717415-2f76a51b-865a\u00a0\u00bb][vc_column_text css=\u00a0\u00bb.vc_custom_1603449167456{background-color: #f9f9f9 !important;}\u00a0\u00bb]No\u00eblle Br\u00e9ham est une journaliste et animatrice radio. Elle se fait remarquer aux d\u00e9buts des<br \/>\nann\u00e9es 1980 sur France Inter en animant plusieurs \u00e9missions abordant aussi bien la t\u00e9l\u00e9vision<br \/>\nque la chanson ou le th\u00e9\u00e2tre. Ce premier succ\u00e8s lui ouvre les portes de la t\u00e9l\u00e9vision, o\u00f9 elle va<br \/>\nd\u00e9buter une nouvelle carri\u00e8re. Apr\u00e8s Envole-moi sur TF1, elle participe \u00e0 l\u2019\u00e9mission Ciel mon mardi ! de Christophe Dechavanne, ou encore \u00e0 Pyramide avec Patrice Laffont. No\u00eblle Br\u00e9ham travaillera \u00e9galement pour les cha\u00eenes France5 et M6, avec Passions fran\u00e7aises. En 2002, elle rejoint St\u00e9phane Marie pour l\u2019\u00e9mission Silence, \u00e7a pousse, une \u00e9mission consacr\u00e9e au jardinage. Si elle avoue ne pas avoir d\u2019int\u00e9r\u00eat particulier pour ce loisir avant de d\u00e9buter l\u2019\u00e9mission, elle s\u2019est rapidement prise au jeu, au point d\u2019acqu\u00e9rir de solides connaissances. Parall\u00e8lement \u00e0 ces activit\u00e9s, No\u00eblle Br\u00e9ham a \u00e9galement \u00e9crit trois ouvrages : Je suis enceinte. C\u2019est grave, docteur ?, Les P\u2019tits Bateaux et Silence, \u00e7a pousse !, et continue de produire et animer l\u2019\u00e9mission Les P\u2019tits Bateaux sur France Inter. Grande amatrice de contes, elle est l\u2019une des rares figures du monde audio-visuel \u00e0 avoir invit\u00e9 r\u00e9guli\u00e8rement des conteurs dans une quotidienne\u00a0: La nuit est \u00e0 vous\u00a0!, sur France Inter.<br \/>\nLien vers une interview de No\u00eblle Breham :\u00a0<a href=\"https:\/\/www.cotemaison.fr\/chaine-d\/deco-design\/interview-ou-vit-la-journaliste-noelle- breham_21389.html\">https:\/\/www.cotemaison.fr\/chaine-d\/deco-design\/interview-ou-vit-la-journaliste-noelle- breham_21389.html<\/a><\/p>\n<p>Lien vers sa page Wikip\u00e9dia\u00a0:<a href=\"https:\/\/fr.wikipedia.org\/wiki\/No%C3%ABlle_Br%C3%A9ham\">https:\/\/fr.wikipedia.org\/wiki\/No%C3%ABlle_Br%C3%A9ham<\/a>[\/vc_column_text][\/vc_tta_section][\/vc_tta_accordion][vc_tta_accordion shape=\u00a0\u00bbround\u00a0\u00bb color=\u00a0\u00bbjuicy-pink\u00a0\u00bb c_align=\u00a0\u00bbcenter\u00a0\u00bb c_icon=\u00a0\u00bbtriangle\u00a0\u00bb c_position=\u00a0\u00bbright\u00a0\u00bb active_section=\u00a0\u00bb1&Prime; collapsible_all=\u00a0\u00bbtrue\u00a0\u00bb css=\u00a0\u00bb.vc_custom_1568340209849{background-color: #ffffff !important;}\u00a0\u00bb][vc_tta_section title=\u00a0\u00bbJEAN-RODOLPHE TURLIN\u00a0\u00bb tab_id=\u00a0\u00bb1568342854120-ee6fb194-c808&Prime;][vc_single_image image=\u00a0\u00bb2236&Prime; alignment=\u00a0\u00bbcenter\u00a0\u00bb style=\u00a0\u00bbvc_box_border_circle\u00a0\u00bb][\/vc_tta_section][vc_tta_section title=\u00a0\u00bbromancier\u00a0\u00bb tab_id=\u00a0\u00bb1568342854340-d7fb9f02-46bd\u00a0\u00bb][vc_column_text]Sp\u00e9cialiste de l\u2019\u0153uvre de Tolkien, auteur de Promenade au pays des Hobbits, il est l\u2019un des contributeurs du Dictionnaire Tolkien au \u00e9ditions du CNRS. Il est directeur de la M\u00e9diath\u00e8que d\u2019Eure-et-Loire.[\/vc_column_text][\/vc_tta_section][\/vc_tta_accordion][vc_tta_accordion shape=\u00a0\u00bbround\u00a0\u00bb color=\u00a0\u00bborange\u00a0\u00bb c_align=\u00a0\u00bbcenter\u00a0\u00bb c_icon=\u00a0\u00bbtriangle\u00a0\u00bb c_position=\u00a0\u00bbright\u00a0\u00bb active_section=\u00a0\u00bb1&Prime; collapsible_all=\u00a0\u00bbtrue\u00a0\u00bb css=\u00a0\u00bb.vc_custom_1568339488344{background-color: #ffffff !important;}\u00a0\u00bb][vc_tta_section title=\u00a0\u00bbBRUNO PILORGET\u00a0\u00bb tab_id=\u00a0\u00bb1568343290615-ccb15763-c70c\u00a0\u00bb][vc_single_image image=\u00a0\u00bb2243&Prime; alignment=\u00a0\u00bbcenter\u00a0\u00bb style=\u00a0\u00bbvc_box_border_circle_2&Prime;][\/vc_tta_section][vc_tta_section title=\u00a0\u00bbIllustrateur\u00a0\u00bb tab_id=\u00a0\u00bb1568343290823-fe352367-367f\u00a0\u00bb][vc_column_text css=\u00a0\u00bb.vc_custom_1603453501330{background-color: #f9f9f9 !important;}\u00a0\u00bb]Son premier livre, Pi\u00e8ges dans la Jungle, d\u00e9j\u00e0 un voyage, a \u00e9t\u00e9 publi\u00e9 chez Gallimard Jeunesse en 1982. <a href=\"http:\/\/www.bruno-pilorget.com\/\">Illustrateur<\/a>, il a une pr\u00e9dilection pour l\u2019ailleurs, le voyage et les autres cultures dans ses nombreux albums jeunesse de fiction \u2013 Les Sages Apalants (Sarbacane), La Grande Vague, Omotou ou Au Pays des Vents si chauds (L\u2019\u00c9lan Vert), L\u2019Invisible (Belin), Le Roi Cheval (Millefeuille), ou le roman S\u0153ur blanche, S\u0153ur noire (Rue du Monde)\u2026<\/p>\n<p>\u00ab A chaque nouvel album, j\u2019ai la volont\u00e9 de raconter avec mes illustrations, en essayant de leur donner un sens pour prolonger le texte. J\u2019aime progresser, chercher de nouvelles techniques et aller vers ce que je ne connais pas encore, comme si j\u2019explorais une autre culture, un autre pays. Guid\u00e9 par le voyage de l\u2019histoire et le style de l\u2019\u00e9crivain\u00bb.<\/p>\n<p>Il travaille aussi pour le Mus\u00e9e du Quai Branly, le Patrimoine Breton ou pour la presse. Carnettiste, il quitte son atelier breton pour voyager et r\u00e9aliser sur le vif des carnets remplis de dessins, peintures et anecdotes de ses rencontres. En 2013, il a publi\u00e9 Salaam Palestine \u2013 Carnet de voyage en Terre d\u2019Humanit\u00e9 \u2013 Ed La Boite \u00e0 Bulles. Livre multi-r\u00e9compens\u00e9. Il expose r\u00e9guli\u00e8rement son travail ici en France et ailleurs \u2013 Allemagne, Qu\u00e9bec, Palestine, Jordanie, Vietnam, Chine, Cor\u00e9e\u2026 Il est invit\u00e9 \u00e0 r\u00e9aliser des rencontres pour parler de son m\u00e9tier ou des ateliers-peinture avec les jeunes ou les adultes, dans les \u00e9coles, coll\u00e8ges, lyc\u00e9es et universit\u00e9s, en France ou \u00e0 l\u2019\u00e9tranger, comme au S\u00e9n\u00e9gal, au Vietnam, en Chine ou en Palestine\u2026<\/p>\n<p>[\/vc_column_text][\/vc_tta_section][vc_tta_section title=\u00a0\u00bbSection\u00a0\u00bb tab_id=\u00a0\u00bb1572261052810-1f38fd3a-c029&Prime;][\/vc_tta_section][\/vc_tta_accordion][vc_tta_accordion shape=\u00a0\u00bbround\u00a0\u00bb color=\u00a0\u00bbjuicy-pink\u00a0\u00bb c_align=\u00a0\u00bbcenter\u00a0\u00bb c_icon=\u00a0\u00bbtriangle\u00a0\u00bb c_position=\u00a0\u00bbright\u00a0\u00bb active_section=\u00a0\u00bb1&Prime; collapsible_all=\u00a0\u00bbtrue\u00a0\u00bb css=\u00a0\u00bb.vc_custom_1603808048914{background-color: #ffffff !important;}\u00a0\u00bb][vc_tta_section title=\u00a0\u00bbFRANCK DESPLANQUES\u00a0\u00bb tab_id=\u00a0\u00bb1603454513077-556cdcd5-0295&Prime;][vc_single_image image=\u00a0\u00bb2250&Prime; alignment=\u00a0\u00bbcenter\u00a0\u00bb style=\u00a0\u00bbvc_box_border_circle_2&Prime;][\/vc_tta_section][vc_tta_section title=\u00a0\u00bbR\u00e9dacteur en chef\u00a0\u00bb tab_id=\u00a0\u00bb1603454513439-ac52eae3-3324&Prime;][vc_column_text css=\u00a0\u00bb.vc_custom_1603454633728{background-color: #f9f9f9 !important;}\u00a0\u00bb]Franck Desplanques est r\u00e9dacteur en chef de l\u2019\u00e9mission \u00ab Rendez-vous en terre inconnue \u00bb. Son r\u00f4le ? Pr\u00e9parer l&rsquo;\u00e9mission \u201cRendez-vous en terre inconnue\u201d, diffus\u00e9e depuis quatre ans sur France 2. Dans le monde entier, il traque les paysages grandioses, les \u00eatres humains fascinants, les histoires captivantes. Il ne compte plus les heures pass\u00e9es \u00e0 dialoguer avec les Himba de Namibie, \u00e0 vivre avec les Korowa\u00ef de Papouasie-Nouvelle Guin\u00e9e, \u00e0 cavaler avec les cavaliers mongols\u2026 Parcours d&rsquo;un aventurier profond\u00e9ment humain.[\/vc_column_text][\/vc_tta_section][vc_tta_section][\/vc_tta_section][\/vc_tta_accordion][vc_tta_accordion shape=\u00a0\u00bbround\u00a0\u00bb color=\u00a0\u00bbjuicy-pink\u00a0\u00bb c_align=\u00a0\u00bbcenter\u00a0\u00bb c_icon=\u00a0\u00bbtriangle\u00a0\u00bb c_position=\u00a0\u00bbright\u00a0\u00bb active_section=\u00a0\u00bb1&Prime; collapsible_all=\u00a0\u00bbtrue\u00a0\u00bb css=\u00a0\u00bb.vc_custom_1603808058702{background-color: #ffffff !important;}\u00a0\u00bb][vc_tta_section title=\u00a0\u00bbJOCELIN MORISSON\u00a0\u00bb tab_id=\u00a0\u00bb1568334200344-9b92e811-a0c4&Prime;][vc_single_image image=\u00a0\u00bb2240&Prime; alignment=\u00a0\u00bbcenter\u00a0\u00bb style=\u00a0\u00bbvc_box_border_circle_2&Prime;][\/vc_tta_section][vc_tta_section title=\u00a0\u00bbR\u00e9dacteur en chef &#8211; journaliste scientifique\u00a0\u00bb tab_id=\u00a0\u00bb1568334200413-89297a00-d54d\u00a0\u00bb][vc_column_text]Journaliste de formation scientifique, je m\u2019int\u00e9resse aux nombreuses th\u00e9matiques qui lient la science, la spiritualit\u00e9 et la philosophie. J\u2019ai travaill\u00e9 une quinzaine d\u2019ann\u00e9es dans la presse professionnelle du secteur de la sant\u00e9, tout en collaborant r\u00e9guli\u00e8rement au magazine Le Monde des Religions ainsi qu\u2019\u00e0 la revue Nouvelles Cl\u00e9s \u00e0 partir de 2003. J\u2019ai sign\u00e9 plusieurs articles dans les hors-s\u00e9ries du magazine VSD consacr\u00e9s aux sciences psychiques, ainsi que dans Sci-Fi Magazine, Le Monde de l\u2019inconnu, La Vie\u2026 J\u2019ai collabor\u00e9 au magazine Nexus \u00e0 partir de 2009. Je publie r\u00e9guli\u00e8rement dans le magazine\u00a0 Inexplor\u00e9\u00a0 et sur le site de l\u2019Inrees. J\u2019ai r\u00e9alis\u00e9 plusieurs interviews pour la web-tv sp\u00e9cialis\u00e9e Baglis TV. Depuis l\u00e9 d\u00e9but de l\u2019ann\u00e9e 2020, je suis r\u00e9dacteur en chef de la\u00a0 revue Natives, consacr\u00e9e aux peuples racines.<\/p>\n<p><a href=\"https:\/\/www.jocelinmorisson.fr\/\">Jocelin Morisson<\/a> est co-auteur, avec Romuald Leterrier, du livre intitul\u00e9 Se souvenir du futur.<\/p>\n<p>[\/vc_column_text][\/vc_tta_section][\/vc_tta_accordion][\/vc_column][vc_column width=\u00a0\u00bb1\/4&Prime;][vc_tta_accordion shape=\u00a0\u00bbround\u00a0\u00bb color=\u00a0\u00bbturquoise\u00a0\u00bb c_align=\u00a0\u00bbcenter\u00a0\u00bb c_icon=\u00a0\u00bbtriangle\u00a0\u00bb c_position=\u00a0\u00bbright\u00a0\u00bb active_section=\u00a0\u00bb1&Prime; collapsible_all=\u00a0\u00bbtrue\u00a0\u00bb css=\u00a0\u00bb.vc_custom_1568343770708{background-color: #ffffff !important;}\u00a0\u00bb][vc_tta_section title=\u00a0\u00bb\u00c9DITIONS CIPANGO\u00a0\u00bb tab_id=\u00a0\u00bb1568343884067-ff53b3e6-739d\u00a0\u00bb][vc_single_image image=\u00a0\u00bb2248&Prime; alignment=\u00a0\u00bbcenter\u00a0\u00bb style=\u00a0\u00bbvc_box_border_circle_2&Prime;][\/vc_tta_section][vc_tta_section title=\u00a0\u00bb\u00e9diteur\u00a0\u00bb tab_id=\u00a0\u00bb1568343884290-53a9694e-4c8d\u00a0\u00bb][vc_column_text]<span style=\"font-weight: 400;\">avec Bertrand Dubois<br \/>\n<\/span><\/p>\n<p><a href=\"http:\/\/editions-cipango.com\/\">http:\/\/editions-cipango.com\/<\/a>[\/vc_column_text][\/vc_tta_section][\/vc_tta_accordion][vc_tta_accordion shape=\u00a0\u00bbround\u00a0\u00bb color=\u00a0\u00bbmulled-wine\u00a0\u00bb c_align=\u00a0\u00bbcenter\u00a0\u00bb c_icon=\u00a0\u00bbtriangle\u00a0\u00bb c_position=\u00a0\u00bbright\u00a0\u00bb active_section=\u00a0\u00bb1&Prime; collapsible_all=\u00a0\u00bbtrue\u00a0\u00bb css=\u00a0\u00bb.vc_custom_1568340249697{background-color: #ffffff !important;}\u00a0\u00bb][vc_tta_section title=\u00a0\u00bbPATRICK FISCHMANN\u00a0\u00bb tab_id=\u00a0\u00bb1568341278202-e4b59dfd-2a5b\u00a0\u00bb][vc_single_image image=\u00a0\u00bb2228&Prime; alignment=\u00a0\u00bbcenter\u00a0\u00bb style=\u00a0\u00bbvc_box_border_circle_2&Prime;][\/vc_tta_section][vc_tta_section title=\u00a0\u00bbconteur auteur\u00a0\u00bb tab_id=\u00a0\u00bb1568341278351-42bddc3c-b42a\u00a0\u00bb][vc_column_text][\/vc_column_text][\/vc_tta_section][\/vc_tta_accordion][vc_tta_accordion shape=\u00a0\u00bbround\u00a0\u00bb color=\u00a0\u00bbmulled-wine\u00a0\u00bb c_align=\u00a0\u00bbcenter\u00a0\u00bb c_icon=\u00a0\u00bbtriangle\u00a0\u00bb c_position=\u00a0\u00bbright\u00a0\u00bb active_section=\u00a0\u00bb1&Prime; collapsible_all=\u00a0\u00bbtrue\u00a0\u00bb css=\u00a0\u00bb.vc_custom_1568339544734{background-color: #ffffff !important;}\u00a0\u00bb][vc_tta_section title=\u00a0\u00bbMONIA LYORIT\u00a0\u00bb tab_id=\u00a0\u00bb1568333613538-c6a38275-a18e\u00a0\u00bb][vc_single_image image=\u00a0\u00bb2233&Prime; alignment=\u00a0\u00bbcenter\u00a0\u00bb style=\u00a0\u00bbvc_box_border_circle_2&Prime;][\/vc_tta_section][vc_tta_section title=\u00a0\u00bbConteuse \u2022 Auteure\u00a0\u00bb tab_id=\u00a0\u00bb1568337043988-e11c444a-d4b6&Prime;][vc_column_text]Dipl\u00f4m\u00e9e d\u2019Etudes Sup\u00e9rieures de l\u2019Ecole du Louvre, <a href=\"http:\/\/monialyorit.fr\/\">Monia Lyorit<\/a> arrive \u00e0 la sc\u00e8ne par le<br \/>\nbiais du mime dans l\u2019atelier d\u2019Ivan Bacciochi \u00e0 Paris. Puis, elle suit des cours de th\u00e9\u00e2tre classique avant de s\u2019initier \u00e0 l\u2019art de conter en 2004. Son travail s\u2019enrichit par la suite de sa curiosit\u00e9 pour le jeu masqu\u00e9 (stage Petit Th\u00e9\u00e2tre de Pain), le th\u00e9\u00e2tre d\u2019objet (stages Nicolas Vidal, Agn\u00e8s Limbos), le clown (stages Eliane Barral), la danse (africaine, contemporaine\u2026). Elle se forme pour la voix notamment aupr\u00e8s d\u2019Afida Tahri et de Sonia Nedelec et participe aux ateliers de\u00a0Michel Hindenoch\u00a0durant 4 ans.<br \/>\nSes spectacles associent conte, th\u00e9\u00e2tre (incarnation des personnages et des voix) et mouvement. Son r\u00e9pertoire puise largement dans les contes merveilleux mais aussi dans la litt\u00e9rature (Guy de Maupassant). Autrice, elle \u00e9crit son dernier spectacle adultes \u00ab Les invisibles \u00bb et publie plusieurs ouvrages jeunesse depuis 2014 (Editions Des ronds sans l\u2019o, Frimousse, Il \u00e9tait une fois\u2026).<br \/>\nElle est intervenue en milieu psychiatrique (h\u00f4pital C. Perrens, h\u00f4pital de jour du Seuil, Talence) et a travaill\u00e9 r\u00e9guli\u00e8rement avec les ateliers Sant\u00e9 ville de la mairie de Bordeaux entre 2008 et 2017.<br \/>\nElle collabore \u00e9galement avec l\u2019Op\u00e9ra National de Bordeaux (visites cont\u00e9es), avec la compagnie Il \u00e9tait une fois\u2026 dans des lectures dessin\u00e9es et l\u2019association Les Caprices de Marianne\u00a0pour des lectures musicales.<br \/>\nCom\u00e9dienne, Monia Lyorit\u00a0 a pr\u00eat\u00e9 sa voix pour la s\u00e9rie anim\u00e9e Monsieur Lapin d\u00e9velopp\u00e9e par Marmita Productions et enregistr\u00e9 un CD de contes lus chez L\u2019autre Label (Inou\u00efe distribution).[\/vc_column_text][\/vc_tta_section][\/vc_tta_accordion][vc_tta_accordion shape=\u00a0\u00bbround\u00a0\u00bb color=\u00a0\u00bbjuicy-pink\u00a0\u00bb c_align=\u00a0\u00bbcenter\u00a0\u00bb c_icon=\u00a0\u00bbtriangle\u00a0\u00bb c_position=\u00a0\u00bbright\u00a0\u00bb active_section=\u00a0\u00bb1&Prime; collapsible_all=\u00a0\u00bbtrue\u00a0\u00bb css=\u00a0\u00bb.vc_custom_1568342154805{background-color: #ffffff !important;}\u00a0\u00bb][vc_tta_section title=\u00a0\u00bbROMUALD LETERRIER\u00a0\u00bb tab_id=\u00a0\u00bb1568333748600-6e4d9172-f235&Prime;][vc_single_image image=\u00a0\u00bb2238&Prime; alignment=\u00a0\u00bbcenter\u00a0\u00bb style=\u00a0\u00bbvc_box_border_circle_2&Prime;][\/vc_tta_section][vc_tta_section title=\u00a0\u00bbAuteur\u00a0\u00bb tab_id=\u00a0\u00bb1568333748630-fef345bd-6e95&Prime;][vc_column_text]Romuald Leterrier est chercheur ind\u00e9pendant en ethnobotanique, sp\u00e9cialiste du chamanisme amazonien et des plantes de vision qu\u2019il a longtemps \u00e9tudi\u00e9es aux c\u00f4t\u00e9s de chamanes Shipibo- Conibo. Il m\u00e8ne depuis une dizaine d&amp;#39;ann\u00e9e des recherches pluridisciplinaires m\u00ealant les sciences du vivant aux sciences humaines.Il est l\u2019auteur de plusieurs ouvrages et de nombreux articles consacr\u00e9s \u00e0 l\u2019ayahuasca et aux savoirs issus des traditions primordiales comme Les plantes psychotropes et la conscience (\u00e9d. Alph\u00e9e), pr\u00e9fac\u00e9 par Jan Kounen. Il est aussi co- auteur de Se souvenir du futur.<br \/>\nIl organise le festival des arts visionnaires Chimeria qui a lieu, chaque ann\u00e9e, \u00e0 Sedan.<br \/>\nIl est l&rsquo;auteur de L&rsquo;enseignement de l&rsquo;ayahasca &#8211; R\u00e9flexions sur un mode de communication entre les plantes psychotropes et la conscience humaine, L&rsquo;enseignement de l&rsquo;ayahuasca et Les plantes psychotropes et la conscience, ainsi que de La danse du serpent. Il est conf\u00e9rencier et conseiller scientifique pour des films documentaires.<\/p>\n<p><a href=\"https:\/\/www.youtube.com\/watch?v=Ss9FaGP5DP8&amp;amp;ab_channel=VERTICALPROJECTME DIA\">Son interview avec Jocelin Morisson<\/a>[\/vc_column_text][\/vc_tta_section][\/vc_tta_accordion][vc_tta_accordion shape=\u00a0\u00bbround\u00a0\u00bb color=\u00a0\u00bborange\u00a0\u00bb c_align=\u00a0\u00bbcenter\u00a0\u00bb c_icon=\u00a0\u00bbtriangle\u00a0\u00bb c_position=\u00a0\u00bbright\u00a0\u00bb active_section=\u00a0\u00bb1&Prime; collapsible_all=\u00a0\u00bbtrue\u00a0\u00bb css=\u00a0\u00bb.vc_custom_1603807910687{background-color: #ffffff !important;}\u00a0\u00bb][vc_tta_section title=\u00a0\u00bbBERTRAND DUBOIS\u00a0\u00bb tab_id=\u00a0\u00bb1568333247508-026e5b4d-3697&Prime;][vc_single_image image=\u00a0\u00bb2241&Prime; alignment=\u00a0\u00bbcenter\u00a0\u00bb style=\u00a0\u00bbvc_box_border_circle_2&Prime;][\/vc_tta_section][vc_tta_section title=\u00a0\u00bbIllustrateur\u00a0\u00bb tab_id=\u00a0\u00bb1568333247535-4bdae4b9-941d\u00a0\u00bb][vc_column_text]<a href=\"http:\/\/bertranddubois.com\/edition\">Bertrand Dubois<\/a> est n\u00e9 en 1972 en r\u00e9gion Parisienne. Dipl\u00f4m\u00e9 de l\u2019E.C.V \u00e0 Paris. Il a d\u2019abord travaill\u00e9 pour la presse ( le Nouvel Obs, Elle\u2026), la communication ( Banque Populaire, Virgin&#8230;) et tr\u00e8s vite l\u2019\u00e9dition jeunesse lui a offert l\u2019espace et le support pour d\u00e9velopper son \u00e9criture graphique pleinement. Il aime se nourrir des textes des autres, des mots des autres, inventer des univers color\u00e9s et enrichir le r\u00e9cit. Il a publi\u00e9 ses premiers albums au Rouergue et compte aujourd\u2019hui une vingtaines de livres jeunesse parus chez plusieurs maisons d\u2019\u00e9ditions. Son travail rempli de couleurs et de mati\u00e8re se r\u00e9f\u00e8re directement \u00e0 l\u2019art pictural.<br \/>\nAujourd\u2019hui son travail trouve sa place dans la presse, la communication, l\u2019\u00e9dition jeunesse et les galeries d\u2019illustration. Il consacre \u00e9galement une partie de son temps \u00e0 enseigner le dessin.<br \/>\nBertrand vit \u00e0 paris et partage un atelier avec des graphistes et photographes.<\/p>\n<hr \/>\n<p><b>Cr\u00e9dit photo \u00a0Ecole Yann Arthus Bertrand Barjouville\u00a0<\/b>[\/vc_column_text][\/vc_tta_section][\/vc_tta_accordion][\/vc_column][vc_column width=\u00a0\u00bb1\/4&Prime;][vc_tta_accordion shape=\u00a0\u00bbround\u00a0\u00bb color=\u00a0\u00bbmulled-wine\u00a0\u00bb c_align=\u00a0\u00bbcenter\u00a0\u00bb c_icon=\u00a0\u00bbtriangle\u00a0\u00bb c_position=\u00a0\u00bbright\u00a0\u00bb active_section=\u00a0\u00bb1&Prime; collapsible_all=\u00a0\u00bbtrue\u00a0\u00bb css=\u00a0\u00bb.vc_custom_1568340249697{background-color: #ffffff !important;}\u00a0\u00bb][vc_tta_section title=\u00a0\u00bbPIERRE-OLIVIER BANNWARTH\u00a0\u00bb tab_id=\u00a0\u00bb1568341446103-d15cf5b3-eb65&Prime;][vc_single_image image=\u00a0\u00bb1640&Prime; alignment=\u00a0\u00bbcenter\u00a0\u00bb style=\u00a0\u00bbvc_box_border_circle_2&Prime;][\/vc_tta_section][vc_tta_section title=\u00a0\u00bbconteur auteur\u00a0\u00bb tab_id=\u00a0\u00bb1568341446250-7d724bba-73bb\u00a0\u00bb][vc_column_text]Conteur, Pierre-Olivier se d\u00e9finit comme un artisan-voyageur, un nomade. Issu du Cours Florent en 2002, il participe \u00e0 la cr\u00e9ation d&rsquo;\u00e9v\u00e9nements culturels en Afrique de l&rsquo;Ouest. Il rencontre de grandes personnalit\u00e9s du th\u00e9\u00e2tre, du conte ou du chant traditionnel (Yoshi O\u00efda, Henri Gougaud) aupr\u00e8s desquelles il se forme. Des influences qu&rsquo;il revendique : Certains sont fait pour inventer, innover&#8230; Je suis n\u00e9 pour transmettre. Pierre-Olivier est l&rsquo;auteur de La Confr\u00e9rie des abeilles et Secrets d&rsquo;abeilles publi\u00e9s aux \u00e9ditions Albin Michel. Il vit d\u00e9sormais \u00e0 Angers.<\/p>\n<p style=\"text-align: center;\"><em>\u00ab\u00a0Pierre-Olivier Bannwarth est conteur. Il est de ceux qui pressentent que nos r\u00eaves sont des r\u00e9alit\u00e9s endormies qui attendent d&rsquo;\u00eatre r\u00e9veill\u00e9es. Il est de ceux qui entretiennent le feu doux de l&rsquo;esp\u00e9rance. Il est de ces jardiniers qui aident la vie \u00e0 \u00e9clore. Il accomplit sans bruit un travail humble et plus que pr\u00e9cieux : n\u00e9cessaire\u00a0\u00bb. <\/em>\u200bHenri Gougaud, 2018, pr\u00e9face \u00e0 La Confr\u00e9rie des abeilles.<\/p>\n<p>[\/vc_column_text][\/vc_tta_section][\/vc_tta_accordion][vc_tta_accordion shape=\u00a0\u00bbround\u00a0\u00bb color=\u00a0\u00bbmulled-wine\u00a0\u00bb c_align=\u00a0\u00bbcenter\u00a0\u00bb c_icon=\u00a0\u00bbtriangle\u00a0\u00bb c_position=\u00a0\u00bbright\u00a0\u00bb active_section=\u00a0\u00bb1&Prime; collapsible_all=\u00a0\u00bbtrue\u00a0\u00bb css=\u00a0\u00bb.vc_custom_1568339573563{background-color: #ffffff !important;}\u00a0\u00bb][vc_tta_section title=\u00a0\u00bbFRAN\u00c7OISE DIEP\u00a0\u00bb tab_id=\u00a0\u00bb1568332021254-9b836287-d891&Prime;][vc_single_image image=\u00a0\u00bb2158&Prime; alignment=\u00a0\u00bbcenter\u00a0\u00bb style=\u00a0\u00bbvc_box_border_circle_2&Prime;][\/vc_tta_section][vc_tta_section title=\u00a0\u00bbConteuse\u00a0\u00bb tab_id=\u00a0\u00bb1568332021297-cf0cdca6-bc36&Prime;][vc_column_text]<span style=\"font-weight: 400;\">Biblioth\u00e9caire-jeunesse de formation, <a href=\"https:\/\/www.francoisediep.fr\/\">Fran\u00e7oise Diep<\/a> est devenue conteuse professionnelle depuis 1990. Elle rencontre Henri Gougaud \u00e0 Al\u00e8s et participe avec lui \u00e0 ses activit\u00e9s de contes durant deux ans, notamment au festival Parole d\u2019Al\u00e8s qu&rsquo;il anime. Elle s&rsquo;est produite en France, Europe, Afrique de l\u2019Ouest et Am\u00e9rique, dans le milieu scolaire, les structures pour la petite enfance, des biblioth\u00e8ques, salons du livre, festivals et salles de spectacles. Elle est \u00e9galement formatrice pour le Centre national de la fonction publique territoriale.<br \/>\nEn 1998, Fran\u00e7oise est invit\u00e9e au festival burkinab\u00e9 Yeleen, et devient par la suite artiste associ\u00e9e. \u00c0 partir de 2001, en collaboration avec le conteur burkinab\u00e9 Fran\u00e7ois Mo\u00efse Bamba, elle a collect\u00e9 des contes en ville et en brousse. Tous deux ont lanc\u00e9 Aux origines du monde <\/span><span style=\"font-weight: 400;\">une collection d\u2019albums et de disques \u00e9dit\u00e9 par Lirabelle. Depuis 2004, elle est la directrice artistique du festival de contes Palabrages dans la r\u00e9gion de N\u00eemes. Elle est devenue conteuse pour l&rsquo;association Tom Pouce. Elle habite actuellement \u00e0 N\u00eemes.<\/span><\/p>\n<hr \/>\n<p>[\/vc_column_text][\/vc_tta_section][\/vc_tta_accordion][vc_tta_accordion shape=\u00a0\u00bbround\u00a0\u00bb color=\u00a0\u00bbmulled-wine\u00a0\u00bb c_align=\u00a0\u00bbcenter\u00a0\u00bb c_icon=\u00a0\u00bbtriangle\u00a0\u00bb c_position=\u00a0\u00bbright\u00a0\u00bb active_section=\u00a0\u00bb1&Prime; collapsible_all=\u00a0\u00bbtrue\u00a0\u00bb css=\u00a0\u00bb.vc_custom_1568340249697{background-color: #ffffff !important;}\u00a0\u00bb][vc_tta_section title=\u00a0\u00bbSABAH RAHMANI\u00a0\u00bb tab_id=\u00a0\u00bb1568334903345-6af38804-baf9&Prime;][vc_single_image image=\u00a0\u00bb2237&Prime; alignment=\u00a0\u00bbcenter\u00a0\u00bb style=\u00a0\u00bbvc_box_border_circle_2&Prime;][\/vc_tta_section][vc_tta_section title=\u00a0\u00bbJournaliste\u00a0\u00bb tab_id=\u00a0\u00bb1568334903431-a90ef22b-87fa\u00a0\u00bb][vc_column_text]Journaliste, dipl\u00f4m\u00e9e en anthropologie, Sabah Rahmani travaille sur la question des peuples racines depuis plus de vingt ans. Elle a effectu\u00e9 de nombreux reportages aupr\u00e8s de communaut\u00e9s autochtones. Ses sujets de pr\u00e9dilection portent sur les relations entre l&rsquo;humain et la nature. R\u00e9dactrice en chef adjointe du magazine Kaizen, 100% positif, elle travaille pour la valorisation des cultures et de l&rsquo;environnement. Elle est l\u2019auteur du livre Parole des peuples racines\u00a0:\u00a0plaidoyer pour la terre, pr\u00e9fac\u00e9 par Pierre Rabhi.<\/p>\n<hr \/>\n<p><span style=\"font-weight: 400;\"><a href=\"https:\/\/www.youtube.com\/watch?v=hYhHLqOoJXw&amp;amp;ab_channel=MOUVEMENTUP\"><strong>Source<\/strong><\/a><br \/>\n<\/span>[\/vc_column_text][\/vc_tta_section][\/vc_tta_accordion][vc_tta_accordion shape=\u00a0\u00bbround\u00a0\u00bb color=\u00a0\u00bbturquoise\u00a0\u00bb c_align=\u00a0\u00bbcenter\u00a0\u00bb c_icon=\u00a0\u00bbtriangle\u00a0\u00bb c_position=\u00a0\u00bbright\u00a0\u00bb active_section=\u00a0\u00bb1&Prime; collapsible_all=\u00a0\u00bbtrue\u00a0\u00bb css=\u00a0\u00bb.vc_custom_1568343770708{background-color: #ffffff !important;}\u00a0\u00bb][vc_tta_section title=\u00a0\u00bb\u00c9DITION LA FONTAINE DE PIERRE\u00a0\u00bb tab_id=\u00a0\u00bb1568343755464-3a3f7267-2309&Prime;][vc_single_image image=\u00a0\u00bb2249&Prime; alignment=\u00a0\u00bbcenter\u00a0\u00bb style=\u00a0\u00bbvc_box_border_circle_2&Prime;][\/vc_tta_section][vc_tta_section title=\u00a0\u00bb\u00e9diteur\u00a0\u00bb tab_id=\u00a0\u00bb1568343755702-fde52a32-0819&Prime;][vc_column_text]<a href=\"https:\/\/www.lafontainedepierre.net\/\">https:\/\/www.lafontainedepierre.net\/<\/a>[\/vc_column_text][\/vc_tta_section][\/vc_tta_accordion][\/vc_column][\/vc_row]<\/p>\n","protected":false},"excerpt":{"rendered":"<p>[vc_row][vc_column][vc_column_text][\/vc_column_text][\/vc_column][\/vc_row][vc_row][vc_column width=\u00a0\u00bb1\/4&Prime;][vc_tta_accordion shape=\u00a0\u00bbround\u00a0\u00bb color=\u00a0\u00bbmulled-wine\u00a0\u00bb c_align=\u00a0\u00bbcenter\u00a0\u00bb c_icon=\u00a0\u00bbtriangle\u00a0\u00bb c_position=\u00a0\u00bbright\u00a0\u00bb active_section=\u00a0\u00bb1&Prime; collapsible_all=\u00a0\u00bbtrue\u00a0\u00bb css=\u00a0\u00bb.vc_custom_1603807850516{background-color: #ffffff !important;}\u00a0\u00bb][vc_tta_section title=\u00a0\u00bbCATHERINE ZARCATE\u00a0\u00bb tab_id=\u00a0\u00bb1568332734093-40372444-7baa\u00a0\u00bb][vc_single_image image=\u00a0\u00bb2231&Prime; alignment=\u00a0\u00bbcenter\u00a0\u00bb style=\u00a0\u00bbvc_box_border_circle_2&Prime;][\/vc_tta_section][vc_tta_section title=\u00a0\u00bbConteuse \u2022 Auteure\u00a0\u00bb tab_id=\u00a0\u00bb1568332734118-e912a1f9-3530&Prime;][vc_column_text css=\u00a0\u00bb.vc_custom_1603448586012{background-color: #f9f9f9 !important;}\u00a0\u00bb]Catherine ZARCATE, conte depuis 40 ans. Elle fait partie des conteurs de la \u00ab premi\u00e8re g\u00e9n\u00e9ration \u00bb qui ont initi\u00e9 le renouveau du conte en France. Ses spectacles ont inaugur\u00e9 le conte pour adultes sous une forme philosophique. Elle conte \u00e9galement pour les enfants d\u00e8s sept ans. Elle aime les vastes fresques autant que les r\u00e9cits intimistes et peut conter des nuits enti\u00e8res. Elle est connue comme une artiste aimant unir, dans chaque spectacle, la profondeur et l\u2019humour. Femme pr\u00e9sente \u00e0 son monde, elle interroge avec douceur notre relation \u00e0 la vie, au f\u00e9minin. Son travail, fond\u00e9 dans le patrimoine mondial des contes, mythes et \u00e9pop\u00e9es, fait r\u00e9sonner leur dimension contemporaine et nous touche, ici et maintenant, dans notre humanit\u00e9. Sensible \u00e0 la nature et \u00e0 la n\u00e9cessit\u00e9 de s\u2019y relier, elle oriente maintenant certains r\u00e9cits en ce sens. https:\/\/catherine-zarcate.com\/[\/vc_column_text][\/vc_tta_section][\/vc_tta_accordion][vc_tta_accordion shape=\u00a0\u00bbround\u00a0\u00bb color=\u00a0\u00bbmulled-wine\u00a0\u00bb c_align=\u00a0\u00bbcenter\u00a0\u00bb c_icon=\u00a0\u00bbtriangle\u00a0\u00bb c_position=\u00a0\u00bbright\u00a0\u00bb active_section=\u00a0\u00bb1&Prime; collapsible_all=\u00a0\u00bbtrue\u00a0\u00bb css=\u00a0\u00bb.vc_custom_1568340249697{background-color: #ffffff !important;}\u00a0\u00bb][vc_tta_section title=\u00a0\u00bbPASCAL FAULIOT\u00a0\u00bb tab_id=\u00a0\u00bb1568341481089-a635f55d-ffe8&Prime;][vc_single_image image=\u00a0\u00bb2229&Prime; alignment=\u00a0\u00bbcenter\u00a0\u00bb style=\u00a0\u00bbvc_box_border_circle_2&Prime;][\/vc_tta_section][vc_tta_section title=\u00a0\u00bbconteur auteur\u00a0\u00bb tab_id=\u00a0\u00bb1568341481256-34364d53-f339&Prime;][vc_column_text]Pascal FAULIOT fait partie des pionniers du renouveau du conte. Au fil du temps, il s\u2019est impos\u00e9 comme le grand sp\u00e9cialiste des contes de sagesse et des l\u00e9gendes de l\u2019Asie. Il s\u2019est illustr\u00e9 \u00e9galement dans les premiers spectacles exp\u00e9rimentaux de contes musicaux et gestuels avec des musiciens, des chanteurs et des danseurs. Il rejoint le CLIO de Bruno de la Salle en 1981, d\u00e8s sa fondation, o\u00f9 il co-\u00e9crit le R\u00e9cit de Sch\u00e9h\u00e9razade, et le Cycle du Roi Arthur; pour Le Festival d\u2019Avignon et France-Culture. Il collabore \u00e9galement aux cr\u00e9ations de la Cie du Cercle d\u2019Abbi Patrix, o\u00f9 il co-\u00e9crit notamment La guerre des Corbeaux et des Hiboux; avant de fonder la Cie Hamsa avec Martine Salmon, chor\u00e9graphe, danseuse et slameuse. Ils cr\u00e9ent des spectacles qui tourneront dans de nombreux festivals, des Sc\u00e8nes Nationales, des m\u00e9diath\u00e8ques et des mus\u00e9es. C\u2019est en pratiquant dans son adolescence les Arts Martiaux japonais avec un ma\u00eetre tr\u00e8s expert en contes zen et en l\u00e9gendes de samoura\u00efs qu\u2019il prend go\u00fbt \u00e0 l\u2019art du r\u00e9cit ! Il recueille ces histoires, les raconte et les publie en 1981 sous le titre \u00ab Les contes des Arts Martiaux \u00bb (Albin Michel), un ouvrage, traduit dans plusieurs langues, qui fait r\u00e9f\u00e9rence. Il \u00e9crit ensuite 18 recueils de contes et l\u00e9gendes, notamment aux \u00e9ditions du Seuil dans la collection; contes des sages; cr\u00e9\u00e9e par Henri Gougaud. Il est \u00e9galement le directeur du L\u00e9gendaire, festival de contes et l\u00e9gendes en Eure et Loir et le directeur de la collection de contes, ApprentisSages, aux \u00e9ditions Cipango.[\/vc_column_text][\/vc_tta_section][\/vc_tta_accordion][vc_tta_accordion shape=\u00a0\u00bbround\u00a0\u00bb color=\u00a0\u00bbjuicy-pink\u00a0\u00bb c_align=\u00a0\u00bbcenter\u00a0\u00bb c_icon=\u00a0\u00bbtriangle\u00a0\u00bb c_position=\u00a0\u00bbright\u00a0\u00bb active_section=\u00a0\u00bb1&Prime; collapsible_all=\u00a0\u00bbtrue\u00a0\u00bb css=\u00a0\u00bb.vc_custom_1603808040457{background-color: #ffffff !important;}\u00a0\u00bb][vc_tta_section title=\u00a0\u00bbTHIERRY BERLANDA\u00a0\u00bb tab_id=\u00a0\u00bb1568341137541-1f32abc9-de20&Prime;][vc_single_image image=\u00a0\u00bb2234&Prime; alignment=\u00a0\u00bbcenter\u00a0\u00bb style=\u00a0\u00bbvc_box_border_circle_2&Prime;][\/vc_tta_section][vc_tta_section title=\u00a0\u00bbPhilosophe conf\u00e9rencier auteur\u00a0\u00bb tab_id=\u00a0\u00bb1568341137688-148de767-989e\u00a0\u00bb][vc_column_text css=\u00a0\u00bb.vc_custom_1603450291511{background-color: #f9f9f9 !important;}\u00a0\u00bb]Thierry Berlanda est philosophe, conf\u00e9rencier et auteur prolixe aussi bien de \u00ab\u00a0techno triller\u00a0\u00bb que de polars historiques et d\u2019essais. L\u2019insigne du Boiteux et L\u2019affaire Creutzwald sont ses romans les plus connus. Il vient de oublier un nouveau thriller, D\u00e9viation Nord. Je suis n\u00e9 \u00e0 Paris et j&rsquo;y vis, entour\u00e9 de ma famille, d&rsquo;amis et de livres, tout en haut d&rsquo;un immeuble d&rsquo;o\u00f9 je vois la Tour Eiffel, la Tour Montparnasse, le Sacr\u00e9 C\u0153ur, les va-et-vient des longs courriers, et aussi les \u00e9toiles. Depuis une quarantaine d&rsquo;ann\u00e9es (j&rsquo;ai commenc\u00e9 tr\u00e8s jeune), j&rsquo;\u00e9cris environ un roman tous les ans, comme un pommier fait des pommes, mais je ne conserve que les plus beaux fruits. Un \u00e9crivain est d&rsquo;abord son style, et le style est d&rsquo;abord un rythme : chez moi, c&rsquo;est la rencontre de la litt\u00e9rature classique et du\u00a0 Rock. Malgr\u00e9 la grande vari\u00e9t\u00e9 apparente de ce que je produis, je ne poursuis qu&rsquo;un seul but : montrer l&rsquo;humanit\u00e9 nue, dans sa v\u00e9rit\u00e9.[\/vc_column_text][\/vc_tta_section][\/vc_tta_accordion][vc_tta_accordion shape=\u00a0\u00bbround\u00a0\u00bb color=\u00a0\u00bborange\u00a0\u00bb c_align=\u00a0\u00bbcenter\u00a0\u00bb c_icon=\u00a0\u00bbtriangle\u00a0\u00bb c_position=\u00a0\u00bbright\u00a0\u00bb active_section=\u00a0\u00bb1&Prime; collapsible_all=\u00a0\u00bbtrue\u00a0\u00bb css=\u00a0\u00bb.vc_custom_1603807920002{background-color: #ffffff !important;}\u00a0\u00bb][vc_tta_section title=\u00a0\u00bbMARTINE LAFON\u00a0\u00bb tab_id=\u00a0\u00bb1568341228269-a1bbd0b7-aab4&Prime;][vc_single_image image=\u00a0\u00bb2242&Prime; alignment=\u00a0\u00bbcenter\u00a0\u00bb style=\u00a0\u00bbvc_box_border_circle_2&Prime;][\/vc_tta_section][vc_tta_section title=\u00a0\u00bbIllustratrice &#8211; plasticienne\u00a0\u00bb tab_id=\u00a0\u00bb1568341228425-26b19ca4-22eb\u00a0\u00bb][vc_column_text]N\u00e9e en 1954, Martine Lafon est une artiste plasticienne et auteure. Pr\u00e9sent\u00e9e comme une artiste du livre, elle m\u00e8ne une pratique \u00e9ditoriale dans laquelle la multiplicit\u00e9 des techniques et mat\u00e9riaux qu&rsquo;elle utilise la place dans une logique de multiplication d&rsquo;images o\u00f9 la polys\u00e9mie amplifie les signes et les sens. Elle vit \u00e0 Paris et dans le sud de la France. Martine Lafon a \u00e9tudi\u00e9 \u00e0 l\u2019\u00c9cole des Beaux-arts de Saint-\u00c9tienne de 1972 \u00e0 1974 et a poursuivi son cursus \u00e0 l\u2019\u00c9cole des Beaux-arts de N\u00eemes puis \u00e0 l&amp;#39;Ensba (\u00c9cole nationale sup\u00e9rieure des Beaux-arts de Paris) o\u00f9 elle obtient le dipl\u00f4me sup\u00e9rieur d&rsquo;arts plastiques dans les techniques de l&rsquo;estampe en 1980. Elle poursuit alors son travail dans le domaine de la gravure et de l&rsquo;\u00e9dition. En 1988, un voyage en R\u00e9publique d\u00e9mocratique allemande R.D.A. \u00e0 Berlin, Leipzig et Dresde oriente son travail sur les limites du paysage. Elle d\u00e9veloppe cette d\u00e9marche de mani\u00e8re d\u00e9cisionnelle au d\u00e9but des ann\u00e9es 90, dans l&rsquo;ex-Allemagne de l&rsquo;Est, ainsi qu&rsquo;\u00e0 Prague, mais \u00e9galement en France en observant les fronti\u00e8res historiques et en associant toujours la photographie et la gravure ou le dessin. Elle est invit\u00e9e en 2011 en r\u00e9sidence d&rsquo;artiste en Lettonie pour comprendre ce qu&amp;#39;il reste de ce pays de l&rsquo;ancien Empire russe, dans la peinture de Mark Rothko, et en pr\u00e9sente la restitution en 2016 au Centre Mark Rothko \u00e0 Daugavpils. Martine Lafon fonde en 1996, l&rsquo;atelier post-rodo avec G\u00e9rard Depralon. C&rsquo;est en 1997 qu&rsquo;elle entame une r\u00e9flexion sur la couleur rouge 5 \u00a0en mettant en parall\u00e8le deux robes, celle de la Vierge \u00e0 l&rsquo;enfant du Ma\u00eetre de Narni, XV e \u00a0si\u00e8cle 6 \u00a0et une paper dress d&rsquo;Andy Warhol. En collaboration avec Esther Moench est \u00e9dit\u00e9 La Robe rouge chez post-rodo en 1997. Depuis 1992, Martine Lafon conduit une r\u00e9flexion sur le territoire, rural ou urbain, qu&rsquo;elle transcrit par la gravure, le dessin et la photographie. [\u2026] En observant les livres dans lesquels elle intervient on est frapp\u00e9 par la quasi omnipr\u00e9sence du rouge\u2026[\/vc_column_text][\/vc_tta_section][\/vc_tta_accordion][vc_tta_accordion shape=\u00a0\u00bbround\u00a0\u00bb color=\u00a0\u00bbjuicy-pink\u00a0\u00bb c_align=\u00a0\u00bbcenter\u00a0\u00bb c_icon=\u00a0\u00bbtriangle\u00a0\u00bb c_position=\u00a0\u00bbright\u00a0\u00bb active_section=\u00a0\u00bb1&Prime; collapsible_all=\u00a0\u00bbtrue\u00a0\u00bb css=\u00a0\u00bb.vc_custom_1568340006449{background-color: #ffffff !important;}\u00a0\u00bb][vc_tta_section title=\u00a0\u00bbCHARLES-MAXENCE LAYET\u00a0\u00bb tab_id=\u00a0\u00bb1568332451585-bbbc8211-96d3&Prime;][vc_single_image image=\u00a0\u00bb2239&Prime; alignment=\u00a0\u00bbcenter\u00a0\u00bb style=\u00a0\u00bbvc_box_border_circle\u00a0\u00bb][\/vc_tta_section][vc_tta_section title=\u00a0\u00bbEthnologue Journaliste\u00a0\u00bb tab_id=\u00a0\u00bb1568332451611-3f3585a3-9e2d\u00a0\u00bb][vc_column_text]Maxence Layet est journaliste scientifique, conf\u00e9rencier et auteur de livres, d&rsquo;articles et de documentaires sp\u00e9cialis\u00e9s dans l&rsquo;innovation, les alternatives, la cyberculture, les m\u00e9decines douces, les nouvelles technologies de l&rsquo;\u00e9nergie et l&rsquo;environnement \u00e9lectromagn\u00e9tique. Co-auteur des films documentaires Les sacrifi\u00e9s des ondes, Du Quinton contre la Hernie Discale (BigBangBoum Films), et Sous le feu des ondes produit et diffus\u00e9 par Arte en 2009, Maxence Layet est \u00e9galement directeur de collection aux Editions Tredaniel et Courrier du Livre, o\u00f9 il a notamment \u00e9crit, co-\u00e9crit ou supervis\u00e9 les ouvrages L&rsquo;\u00e9nergie secr\u00e8te de l&rsquo;univers, Quinton, le s\u00e9rum de la vie, Electroculture et Energies libres, Lumi\u00e8re : m\u00e9decine du futur, Le sang, r\u00e9v\u00e9lateur de l&rsquo;inconscient, Le code cach\u00e9 des miracles de J\u00e9sus et Lakhovsky : le G\u00e9nie desAnneaux.[\/vc_column_text][\/vc_tta_section][\/vc_tta_accordion][\/vc_column][vc_column width=\u00a0\u00bb1\/4&Prime;][vc_tta_accordion shape=\u00a0\u00bbround\u00a0\u00bb color=\u00a0\u00bbjuicy-pink\u00a0\u00bb c_align=\u00a0\u00bbcenter\u00a0\u00bb c_icon=\u00a0\u00bbtriangle\u00a0\u00bb c_position=\u00a0\u00bbright\u00a0\u00bb active_section=\u00a0\u00bb1&Prime; collapsible_all=\u00a0\u00bbtrue\u00a0\u00bb css=\u00a0\u00bb.vc_custom_1568339665028{background-color: #ffffff !important;}\u00a0\u00bb][vc_tta_section title=\u00a0\u00bbNO\u00cbLLE BR\u00c9HAM\u00a0\u00bb tab_id=\u00a0\u00bb1568331717388-c7c9c8c8-1f98&Prime;][vc_single_image image=\u00a0\u00bb2232&Prime; alignment=\u00a0\u00bbcenter\u00a0\u00bb style=\u00a0\u00bbvc_box_border_circle_2&Prime;][\/vc_tta_section][vc_tta_section title=\u00a0\u00bbJournaliste \u2022 Auteure\u00a0\u00bb tab_id=\u00a0\u00bb1568331717415-2f76a51b-865a\u00a0\u00bb][vc_column_text css=\u00a0\u00bb.vc_custom_1603449167456{background-color: #f9f9f9 !important;}\u00a0\u00bb]No\u00eblle Br\u00e9ham est une journaliste et animatrice radio. Elle se fait remarquer aux d\u00e9buts des ann\u00e9es 1980 sur France Inter en animant plusieurs \u00e9missions abordant aussi bien la t\u00e9l\u00e9vision que la chanson ou le th\u00e9\u00e2tre. Ce premier succ\u00e8s lui ouvre les portes de la t\u00e9l\u00e9vision, o\u00f9 elle va d\u00e9buter une nouvelle carri\u00e8re. Apr\u00e8s Envole-moi sur TF1, elle participe \u00e0 l\u2019\u00e9mission Ciel mon mardi ! de Christophe Dechavanne, ou encore \u00e0 Pyramide avec Patrice Laffont. No\u00eblle Br\u00e9ham travaillera \u00e9galement pour les cha\u00eenes France5 et M6, avec Passions fran\u00e7aises. En 2002, elle rejoint St\u00e9phane Marie pour l\u2019\u00e9mission Silence, \u00e7a pousse, une \u00e9mission consacr\u00e9e au jardinage. Si elle avoue ne pas avoir d\u2019int\u00e9r\u00eat particulier pour ce loisir avant de d\u00e9buter l\u2019\u00e9mission, elle s\u2019est rapidement prise au jeu, au point d\u2019acqu\u00e9rir de solides connaissances. Parall\u00e8lement \u00e0 ces activit\u00e9s, No\u00eblle Br\u00e9ham a \u00e9galement \u00e9crit trois ouvrages : Je suis enceinte. C\u2019est grave, docteur ?, Les P\u2019tits Bateaux et Silence, \u00e7a pousse !, et continue de produire et animer l\u2019\u00e9mission Les P\u2019tits Bateaux sur France Inter. Grande amatrice de contes, elle est l\u2019une des rares figures du monde audio-visuel \u00e0 avoir invit\u00e9 r\u00e9guli\u00e8rement des conteurs dans une quotidienne\u00a0: La nuit est \u00e0 vous\u00a0!, sur France Inter. Lien vers une interview de No\u00eblle Breham :\u00a0https:\/\/www.cotemaison.fr\/chaine-d\/deco-design\/interview-ou-vit-la-journaliste-noelle- breham_21389.html Lien vers sa page Wikip\u00e9dia\u00a0:https:\/\/fr.wikipedia.org\/wiki\/No%C3%ABlle_Br%C3%A9ham[\/vc_column_text][\/vc_tta_section][\/vc_tta_accordion][vc_tta_accordion shape=\u00a0\u00bbround\u00a0\u00bb color=\u00a0\u00bbjuicy-pink\u00a0\u00bb c_align=\u00a0\u00bbcenter\u00a0\u00bb c_icon=\u00a0\u00bbtriangle\u00a0\u00bb c_position=\u00a0\u00bbright\u00a0\u00bb active_section=\u00a0\u00bb1&Prime; collapsible_all=\u00a0\u00bbtrue\u00a0\u00bb css=\u00a0\u00bb.vc_custom_1568340209849{background-color: #ffffff !important;}\u00a0\u00bb][vc_tta_section title=\u00a0\u00bbJEAN-RODOLPHE TURLIN\u00a0\u00bb tab_id=\u00a0\u00bb1568342854120-ee6fb194-c808&Prime;][vc_single_image image=\u00a0\u00bb2236&Prime; alignment=\u00a0\u00bbcenter\u00a0\u00bb style=\u00a0\u00bbvc_box_border_circle\u00a0\u00bb][\/vc_tta_section][vc_tta_section title=\u00a0\u00bbromancier\u00a0\u00bb tab_id=\u00a0\u00bb1568342854340-d7fb9f02-46bd\u00a0\u00bb][vc_column_text]Sp\u00e9cialiste de l\u2019\u0153uvre de Tolkien, auteur de Promenade au pays des Hobbits, il est l\u2019un des contributeurs du Dictionnaire Tolkien au \u00e9ditions du CNRS. Il est directeur de la M\u00e9diath\u00e8que d\u2019Eure-et-Loire.[\/vc_column_text][\/vc_tta_section][\/vc_tta_accordion][vc_tta_accordion shape=\u00a0\u00bbround\u00a0\u00bb color=\u00a0\u00bborange\u00a0\u00bb c_align=\u00a0\u00bbcenter\u00a0\u00bb c_icon=\u00a0\u00bbtriangle\u00a0\u00bb c_position=\u00a0\u00bbright\u00a0\u00bb active_section=\u00a0\u00bb1&Prime; collapsible_all=\u00a0\u00bbtrue\u00a0\u00bb css=\u00a0\u00bb.vc_custom_1568339488344{background-color: #ffffff !important;}\u00a0\u00bb][vc_tta_section title=\u00a0\u00bbBRUNO PILORGET\u00a0\u00bb tab_id=\u00a0\u00bb1568343290615-ccb15763-c70c\u00a0\u00bb][vc_single_image image=\u00a0\u00bb2243&Prime; alignment=\u00a0\u00bbcenter\u00a0\u00bb style=\u00a0\u00bbvc_box_border_circle_2&Prime;][\/vc_tta_section][vc_tta_section title=\u00a0\u00bbIllustrateur\u00a0\u00bb tab_id=\u00a0\u00bb1568343290823-fe352367-367f\u00a0\u00bb][vc_column_text css=\u00a0\u00bb.vc_custom_1603453501330{background-color: #f9f9f9 !important;}\u00a0\u00bb]Son premier livre, Pi\u00e8ges dans la Jungle, d\u00e9j\u00e0 un voyage, a \u00e9t\u00e9 publi\u00e9 chez Gallimard Jeunesse en 1982. Illustrateur, il a une pr\u00e9dilection pour l\u2019ailleurs, le voyage et les autres cultures dans ses nombreux albums jeunesse de fiction \u2013 Les Sages Apalants (Sarbacane), La Grande Vague, Omotou ou Au Pays des Vents si chauds (L\u2019\u00c9lan Vert), L\u2019Invisible (Belin), Le Roi Cheval (Millefeuille), ou le roman S\u0153ur blanche, S\u0153ur noire (Rue du Monde)\u2026 \u00ab A chaque nouvel album, j\u2019ai la volont\u00e9 de raconter avec mes illustrations, en essayant de leur donner un sens pour prolonger le texte. J\u2019aime progresser, chercher de nouvelles techniques et aller vers ce que je ne connais pas encore, comme si j\u2019explorais une autre culture, un autre pays. Guid\u00e9 par le voyage de l\u2019histoire et le style de l\u2019\u00e9crivain\u00bb. Il travaille aussi pour le Mus\u00e9e du Quai Branly, le Patrimoine Breton ou pour la presse. Carnettiste, il quitte son atelier breton pour voyager et r\u00e9aliser sur le vif des carnets remplis de dessins, peintures et anecdotes de ses rencontres. En 2013, il a publi\u00e9 Salaam Palestine \u2013 Carnet de voyage en Terre d\u2019Humanit\u00e9 \u2013 Ed La Boite \u00e0 Bulles. Livre multi-r\u00e9compens\u00e9. Il expose r\u00e9guli\u00e8rement son travail ici en France et ailleurs \u2013 Allemagne, Qu\u00e9bec, Palestine, Jordanie, Vietnam, Chine, Cor\u00e9e\u2026 Il est invit\u00e9 \u00e0 r\u00e9aliser des rencontres pour parler de son m\u00e9tier ou des ateliers-peinture avec les jeunes ou les adultes, dans les \u00e9coles, coll\u00e8ges, lyc\u00e9es et universit\u00e9s, en France ou \u00e0 l\u2019\u00e9tranger, comme au S\u00e9n\u00e9gal, au Vietnam, en Chine ou en Palestine\u2026 [\/vc_column_text][\/vc_tta_section][vc_tta_section title=\u00a0\u00bbSection\u00a0\u00bb tab_id=\u00a0\u00bb1572261052810-1f38fd3a-c029&Prime;][\/vc_tta_section][\/vc_tta_accordion][vc_tta_accordion shape=\u00a0\u00bbround\u00a0\u00bb color=\u00a0\u00bbjuicy-pink\u00a0\u00bb c_align=\u00a0\u00bbcenter\u00a0\u00bb c_icon=\u00a0\u00bbtriangle\u00a0\u00bb c_position=\u00a0\u00bbright\u00a0\u00bb active_section=\u00a0\u00bb1&Prime; collapsible_all=\u00a0\u00bbtrue\u00a0\u00bb css=\u00a0\u00bb.vc_custom_1603808048914{background-color: #ffffff !important;}\u00a0\u00bb][vc_tta_section title=\u00a0\u00bbFRANCK DESPLANQUES\u00a0\u00bb tab_id=\u00a0\u00bb1603454513077-556cdcd5-0295&Prime;][vc_single_image image=\u00a0\u00bb2250&Prime; alignment=\u00a0\u00bbcenter\u00a0\u00bb style=\u00a0\u00bbvc_box_border_circle_2&Prime;][\/vc_tta_section][vc_tta_section title=\u00a0\u00bbR\u00e9dacteur en chef\u00a0\u00bb tab_id=\u00a0\u00bb1603454513439-ac52eae3-3324&Prime;][vc_column_text css=\u00a0\u00bb.vc_custom_1603454633728{background-color: #f9f9f9 !important;}\u00a0\u00bb]Franck Desplanques est r\u00e9dacteur en chef de l\u2019\u00e9mission \u00ab Rendez-vous en terre inconnue \u00bb. Son r\u00f4le ? Pr\u00e9parer l&rsquo;\u00e9mission \u201cRendez-vous en terre inconnue\u201d, diffus\u00e9e depuis quatre ans sur France 2. Dans le monde entier, il traque les paysages grandioses, les \u00eatres humains fascinants, les histoires captivantes. Il ne compte plus les heures pass\u00e9es \u00e0 dialoguer avec les Himba de Namibie, \u00e0 vivre avec les Korowa\u00ef de Papouasie-Nouvelle Guin\u00e9e, \u00e0 cavaler avec les cavaliers mongols\u2026 Parcours d&rsquo;un aventurier profond\u00e9ment humain.[\/vc_column_text][\/vc_tta_section][vc_tta_section][\/vc_tta_section][\/vc_tta_accordion][vc_tta_accordion shape=\u00a0\u00bbround\u00a0\u00bb color=\u00a0\u00bbjuicy-pink\u00a0\u00bb c_align=\u00a0\u00bbcenter\u00a0\u00bb c_icon=\u00a0\u00bbtriangle\u00a0\u00bb c_position=\u00a0\u00bbright\u00a0\u00bb active_section=\u00a0\u00bb1&Prime; collapsible_all=\u00a0\u00bbtrue\u00a0\u00bb css=\u00a0\u00bb.vc_custom_1603808058702{background-color: #ffffff !important;}\u00a0\u00bb][vc_tta_section title=\u00a0\u00bbJOCELIN MORISSON\u00a0\u00bb tab_id=\u00a0\u00bb1568334200344-9b92e811-a0c4&Prime;][vc_single_image image=\u00a0\u00bb2240&Prime; alignment=\u00a0\u00bbcenter\u00a0\u00bb style=\u00a0\u00bbvc_box_border_circle_2&Prime;][\/vc_tta_section][vc_tta_section title=\u00a0\u00bbR\u00e9dacteur en chef &#8211; journaliste scientifique\u00a0\u00bb tab_id=\u00a0\u00bb1568334200413-89297a00-d54d\u00a0\u00bb][vc_column_text]Journaliste de formation scientifique, je m\u2019int\u00e9resse aux nombreuses th\u00e9matiques qui lient la science, la spiritualit\u00e9 et la philosophie. J\u2019ai travaill\u00e9 une quinzaine d\u2019ann\u00e9es dans la presse professionnelle du secteur de la sant\u00e9, tout en collaborant r\u00e9guli\u00e8rement au magazine Le Monde des Religions ainsi qu\u2019\u00e0 la revue Nouvelles Cl\u00e9s \u00e0 partir de 2003. J\u2019ai sign\u00e9 plusieurs articles dans les hors-s\u00e9ries du magazine VSD consacr\u00e9s aux sciences psychiques, ainsi que dans Sci-Fi Magazine, Le Monde de l\u2019inconnu, La Vie\u2026 J\u2019ai collabor\u00e9 au magazine Nexus \u00e0 partir de 2009. Je publie r\u00e9guli\u00e8rement dans le magazine\u00a0 Inexplor\u00e9\u00a0 et sur le site de l\u2019Inrees. J\u2019ai r\u00e9alis\u00e9 plusieurs interviews pour la web-tv sp\u00e9cialis\u00e9e Baglis TV. Depuis l\u00e9 d\u00e9but de l\u2019ann\u00e9e 2020, je suis r\u00e9dacteur en chef de la\u00a0 revue Natives, consacr\u00e9e aux peuples racines. Jocelin Morisson est co-auteur, avec Romuald Leterrier, du livre intitul\u00e9 Se souvenir du futur. [\/vc_column_text][\/vc_tta_section][\/vc_tta_accordion][\/vc_column][vc_column width=\u00a0\u00bb1\/4&Prime;][vc_tta_accordion shape=\u00a0\u00bbround\u00a0\u00bb color=\u00a0\u00bbturquoise\u00a0\u00bb c_align=\u00a0\u00bbcenter\u00a0\u00bb c_icon=\u00a0\u00bbtriangle\u00a0\u00bb c_position=\u00a0\u00bbright\u00a0\u00bb active_section=\u00a0\u00bb1&Prime; collapsible_all=\u00a0\u00bbtrue\u00a0\u00bb css=\u00a0\u00bb.vc_custom_1568343770708{background-color: #ffffff !important;}\u00a0\u00bb][vc_tta_section title=\u00a0\u00bb\u00c9DITIONS CIPANGO\u00a0\u00bb tab_id=\u00a0\u00bb1568343884067-ff53b3e6-739d\u00a0\u00bb][vc_single_image image=\u00a0\u00bb2248&Prime; alignment=\u00a0\u00bbcenter\u00a0\u00bb style=\u00a0\u00bbvc_box_border_circle_2&Prime;][\/vc_tta_section][vc_tta_section title=\u00a0\u00bb\u00e9diteur\u00a0\u00bb tab_id=\u00a0\u00bb1568343884290-53a9694e-4c8d\u00a0\u00bb][vc_column_text]avec Bertrand Dubois http:\/\/editions-cipango.com\/[\/vc_column_text][\/vc_tta_section][\/vc_tta_accordion][vc_tta_accordion shape=\u00a0\u00bbround\u00a0\u00bb color=\u00a0\u00bbmulled-wine\u00a0\u00bb c_align=\u00a0\u00bbcenter\u00a0\u00bb c_icon=\u00a0\u00bbtriangle\u00a0\u00bb c_position=\u00a0\u00bbright\u00a0\u00bb active_section=\u00a0\u00bb1&Prime; collapsible_all=\u00a0\u00bbtrue\u00a0\u00bb css=\u00a0\u00bb.vc_custom_1568340249697{background-color: #ffffff !important;}\u00a0\u00bb][vc_tta_section title=\u00a0\u00bbPATRICK FISCHMANN\u00a0\u00bb tab_id=\u00a0\u00bb1568341278202-e4b59dfd-2a5b\u00a0\u00bb][vc_single_image image=\u00a0\u00bb2228&Prime; alignment=\u00a0\u00bbcenter\u00a0\u00bb style=\u00a0\u00bbvc_box_border_circle_2&Prime;][\/vc_tta_section][vc_tta_section title=\u00a0\u00bbconteur auteur\u00a0\u00bb tab_id=\u00a0\u00bb1568341278351-42bddc3c-b42a\u00a0\u00bb][vc_column_text][\/vc_column_text][\/vc_tta_section][\/vc_tta_accordion][vc_tta_accordion shape=\u00a0\u00bbround\u00a0\u00bb color=\u00a0\u00bbmulled-wine\u00a0\u00bb c_align=\u00a0\u00bbcenter\u00a0\u00bb c_icon=\u00a0\u00bbtriangle\u00a0\u00bb c_position=\u00a0\u00bbright\u00a0\u00bb active_section=\u00a0\u00bb1&Prime; collapsible_all=\u00a0\u00bbtrue\u00a0\u00bb css=\u00a0\u00bb.vc_custom_1568339544734{background-color: #ffffff !important;}\u00a0\u00bb][vc_tta_section title=\u00a0\u00bbMONIA LYORIT\u00a0\u00bb tab_id=\u00a0\u00bb1568333613538-c6a38275-a18e\u00a0\u00bb][vc_single_image image=\u00a0\u00bb2233&Prime; alignment=\u00a0\u00bbcenter\u00a0\u00bb style=\u00a0\u00bbvc_box_border_circle_2&Prime;][\/vc_tta_section][vc_tta_section title=\u00a0\u00bbConteuse \u2022 Auteure\u00a0\u00bb tab_id=\u00a0\u00bb1568337043988-e11c444a-d4b6&Prime;][vc_column_text]Dipl\u00f4m\u00e9e d\u2019Etudes Sup\u00e9rieures&#8230;<\/p>\n","protected":false},"author":1,"featured_media":2213,"comment_status":"open","ping_status":"open","sticky":false,"template":"","format":"standard","meta":[],"categories":[19],"tags":[],"_links":{"self":[{"href":"https:\/\/lelegendaire.fr\/index.php\/wp-json\/wp\/v2\/posts\/1958"}],"collection":[{"href":"https:\/\/lelegendaire.fr\/index.php\/wp-json\/wp\/v2\/posts"}],"about":[{"href":"https:\/\/lelegendaire.fr\/index.php\/wp-json\/wp\/v2\/types\/post"}],"author":[{"embeddable":true,"href":"https:\/\/lelegendaire.fr\/index.php\/wp-json\/wp\/v2\/users\/1"}],"replies":[{"embeddable":true,"href":"https:\/\/lelegendaire.fr\/index.php\/wp-json\/wp\/v2\/comments?post=1958"}],"version-history":[{"count":16,"href":"https:\/\/lelegendaire.fr\/index.php\/wp-json\/wp\/v2\/posts\/1958\/revisions"}],"predecessor-version":[{"id":2227,"href":"https:\/\/lelegendaire.fr\/index.php\/wp-json\/wp\/v2\/posts\/1958\/revisions\/2227"}],"wp:featuredmedia":[{"embeddable":true,"href":"https:\/\/lelegendaire.fr\/index.php\/wp-json\/wp\/v2\/media\/2213"}],"wp:attachment":[{"href":"https:\/\/lelegendaire.fr\/index.php\/wp-json\/wp\/v2\/media?parent=1958"}],"wp:term":[{"taxonomy":"category","embeddable":true,"href":"https:\/\/lelegendaire.fr\/index.php\/wp-json\/wp\/v2\/categories?post=1958"},{"taxonomy":"post_tag","embeddable":true,"href":"https:\/\/lelegendaire.fr\/index.php\/wp-json\/wp\/v2\/tags?post=1958"}],"curies":[{"name":"wp","href":"https:\/\/api.w.org\/{rel}","templated":true}]}}