{"id":2019,"date":"2020-10-18T11:54:32","date_gmt":"2020-10-18T09:54:32","guid":{"rendered":"http:\/\/lelegendaire.fr\/?p=2019"},"modified":"2021-09-23T10:51:05","modified_gmt":"2021-09-23T08:51:05","slug":"le-coeur-de-larbre-contes-et-legendes-arboricoles-avec-patrick-fischmann","status":"publish","type":"post","link":"https:\/\/lelegendaire.fr\/index.php\/2020\/10\/18\/le-coeur-de-larbre-contes-et-legendes-arboricoles-avec-patrick-fischmann\/","title":{"rendered":"LE C\u0152UR DE L&rsquo;ARBRE &#8211; Contes et l\u00e9gendes arboricoles &#8211; avec PATRICK FISCHMANN"},"content":{"rendered":"<p>[vc_row][vc_column width=\u00a0\u00bb1\/6&Prime;][vc_column_text]<\/p>\n<p style=\"text-align: center;\"><span style=\"color: #993366;\"><b>\u00a0<\/b><b>DU 3 AU 6 NOVEMBRE<br \/>\n<\/b><\/span><b><span style=\"color: #800080;\"><span style=\"color: #993366;\">15h00<br \/>\n<\/span><\/span><\/b><b><\/b><b><span style=\"font-weight: 400;\">dur\u00e9e 1h10<br \/>\n<\/span><\/b><span style=\"font-weight: 400;\">\u00e0 partir de 6 ans<\/span><span style=\"font-weight: 400;\"><br \/>\n<\/span><span style=\"font-weight: 400;\">gratuit<br \/>\n<\/span><span style=\"font-weight: 400;\">r\u00e9servation<br \/>\n02 37 62 85 40<br \/>\n<\/span><\/p>\n<p>[\/vc_column_text][\/vc_column][vc_column width=\u00a0\u00bb1\/6&Prime;][vc_column_text]<\/p>\n<p style=\"text-align: center;\"><span style=\"color: #993366;\"><b>VERNOUILLET<br \/>\n<\/b><\/span><a href=\"https:\/\/www.google.com\/maps\/place\/L'agora\/@48.7223747,1.3579881,14z\/data=!4m8!1m2!2m1!1ssalle+des+fetes+de+l'Agora+vernouillet!3m4!1s0x47e15566307ccd17:0x5deae1b95eaf9f16!8m2!3d48.720457!4d1.3557845\" target=\"_blank\" rel=\"noopener noreferrer\"><span style=\"color: #000000;\"><b>Salle des f\u00eates de l&rsquo;Agora<\/b><\/span><\/a><\/p>\n<p>[\/vc_column_text][\/vc_column][vc_column width=\u00a0\u00bb1\/6&Prime;][vc_column_text]<\/p>\n<p style=\"text-align: center;\"><span style=\"color: #993366;\"><strong><b>Patrick Fischmann<br \/>\n<\/b><\/strong><\/span>conte<br \/>\nukulele<br \/>\ntambour<br \/>\ncharengo<br \/>\nquatro<br \/>\nguitare<br \/>\n\u00e9pinette des Vosges<\/p>\n<p>[\/vc_column_text][\/vc_column][vc_column width=\u00a0\u00bb1\/2&Prime;][vc_column_text]<span style=\"color: #993366;\"><b><i>Les gardiens de la terre<\/i><\/b><\/span><span style=\"font-weight: 400;\"> &#8211; <\/span>Contes des sagesses du monde<br \/>\nEt si nous nous souvenions du temps o\u00f9 les arbres marchaient sur terre\u2026 Si les contes \u00e9taient faits pour nous rappeler qui nous sommes : des \u00eatres de la nature. Des contes \u00e9mouvants, profonds et dr\u00f4les, rassembl\u00e9s pour une f\u00eate bucolique. Chants, musiques accompagnent ce murmure du monde. Patrick Fischmann a concoct\u00e9 cette veill\u00e9e-spectacle dans l\u2019\u00e9lan de composition de ses Contes des sages gardiens de la terre, publi\u00e9s au Seuil. C\u2019est avec jubilation et gratitude qu\u2019il nous sert son cocktail gourmand d\u2019anc\u00eatres bienfaisants et g\u00e9n\u00e9reux.[\/vc_column_text][\/vc_column][vc_column][vc_wp_text][\/vc_wp_text][vc_zigzag color=\u00a0\u00bbcustom\u00a0\u00bb custom_color=\u00a0\u00bb#a0005b\u00a0\u00bb][vc_wp_text][\/vc_wp_text][\/vc_column][\/vc_row][vc_row][vc_column width=\u00a0\u00bb1\/2&Prime;][vc_wp_text]<span style=\"color: #993366;\"><b><a style=\"color: #993366;\" href=\"http:\/\/patrickfischmann.com\/\" target=\"_blank\" rel=\"noopener noreferrer\">Patrick Fischmann<\/a> <\/b><\/span><\/p>\n<p>Conteur, \u00e9crivain et po\u00e8te, Patrick Fischmann voyage parmi les nomades et les peuples racines dont il collecte les histoires et les chants. Il s\u2019en inspire pour d\u00e9velopper son propre univers po\u00e9tique et r\u00e9veiller des contes du monde entier avec joie et sensibilit\u00e9. Sa passion de transmettre la musique des mots \u00e0 travers l\u2019oralit\u00e9 et la magie de la parole \u00e0 travers l\u2019\u00e9crit fait de lui l\u2019un des principaux auteurs de la fameuse collection \u201ccontes des sages\u201d aux \u00e9ditions du Seuil. Chanteur, musicien, sensible \u00e0 la m\u00e9lodie de chaque sagesse, il est un passeur d\u2019images qui prend soin du monde.[\/vc_wp_text][\/vc_column][vc_column width=\u00a0\u00bb1\/2&Prime;][vc_video link=\u00a0\u00bbhttps:\/\/www.youtube.com\/watch?time_continue=2&amp;v=h9BYgYQbmMM&amp;feature=emb_logo\u00a0\u00bb align=\u00a0\u00bbcenter\u00a0\u00bb][\/vc_column][\/vc_row]<\/p>\n<p>&nbsp;<\/p>\n","protected":false},"excerpt":{"rendered":"<p>[vc_row][vc_column width=\u00a0\u00bb1\/6&Prime;][vc_column_text] \u00a0DU 3 AU 6 NOVEMBRE 15h00 dur\u00e9e 1h10 \u00e0 partir de 6 ans gratuit r\u00e9servation 02 37 62 85 40 [\/vc_column_text][\/vc_column][vc_column width=\u00a0\u00bb1\/6&Prime;][vc_column_text] VERNOUILLET Salle des f\u00eates de l&rsquo;Agora [\/vc_column_text][\/vc_column][vc_column width=\u00a0\u00bb1\/6&Prime;][vc_column_text] Patrick Fischmann conte ukulele tambour charengo quatro guitare \u00e9pinette des Vosges [\/vc_column_text][\/vc_column][vc_column width=\u00a0\u00bb1\/2&Prime;][vc_column_text]Les gardiens de la terre &#8211; Contes des sagesses du monde Et si nous nous souvenions du temps o\u00f9 les arbres marchaient sur terre\u2026 Si les contes \u00e9taient faits pour nous rappeler qui nous sommes : des \u00eatres de la nature. Des contes \u00e9mouvants, profonds et dr\u00f4les, rassembl\u00e9s pour une f\u00eate bucolique. Chants, musiques accompagnent ce murmure du monde. Patrick Fischmann a concoct\u00e9 cette veill\u00e9e-spectacle dans l\u2019\u00e9lan de composition de ses Contes des sages gardiens de la terre, publi\u00e9s au Seuil. C\u2019est avec jubilation et gratitude qu\u2019il nous sert son cocktail gourmand d\u2019anc\u00eatres bienfaisants et g\u00e9n\u00e9reux.[\/vc_column_text][\/vc_column][vc_column][vc_wp_text][\/vc_wp_text][vc_zigzag color=\u00a0\u00bbcustom\u00a0\u00bb custom_color=\u00a0\u00bb#a0005b\u00a0\u00bb][vc_wp_text][\/vc_wp_text][\/vc_column][\/vc_row][vc_row][vc_column width=\u00a0\u00bb1\/2&Prime;][vc_wp_text]Patrick Fischmann Conteur, \u00e9crivain et po\u00e8te, Patrick Fischmann voyage parmi les nomades et les peuples racines dont il collecte les histoires et les chants. Il s\u2019en inspire pour d\u00e9velopper son propre univers po\u00e9tique et r\u00e9veiller des contes du monde entier avec joie et sensibilit\u00e9. Sa passion de transmettre la musique des mots \u00e0 travers l\u2019oralit\u00e9 et la magie de la parole \u00e0 travers l\u2019\u00e9crit fait de lui l\u2019un des principaux auteurs de la fameuse collection \u201ccontes des sages\u201d aux \u00e9ditions du Seuil. Chanteur, musicien, sensible \u00e0 la m\u00e9lodie de chaque sagesse, il est un passeur d\u2019images qui prend soin du monde.[\/vc_wp_text][\/vc_column][vc_column width=\u00a0\u00bb1\/2&Prime;][vc_video link=\u00a0\u00bbhttps:\/\/www.youtube.com\/watch?time_continue=2&amp;v=h9BYgYQbmMM&amp;feature=emb_logo\u00a0\u00bb align=\u00a0\u00bbcenter\u00a0\u00bb][\/vc_column][\/vc_row] &nbsp;<\/p>\n","protected":false},"author":2,"featured_media":1825,"comment_status":"open","ping_status":"open","sticky":false,"template":"","format":"standard","meta":[],"categories":[30],"tags":[],"_links":{"self":[{"href":"https:\/\/lelegendaire.fr\/index.php\/wp-json\/wp\/v2\/posts\/2019"}],"collection":[{"href":"https:\/\/lelegendaire.fr\/index.php\/wp-json\/wp\/v2\/posts"}],"about":[{"href":"https:\/\/lelegendaire.fr\/index.php\/wp-json\/wp\/v2\/types\/post"}],"author":[{"embeddable":true,"href":"https:\/\/lelegendaire.fr\/index.php\/wp-json\/wp\/v2\/users\/2"}],"replies":[{"embeddable":true,"href":"https:\/\/lelegendaire.fr\/index.php\/wp-json\/wp\/v2\/comments?post=2019"}],"version-history":[{"count":2,"href":"https:\/\/lelegendaire.fr\/index.php\/wp-json\/wp\/v2\/posts\/2019\/revisions"}],"predecessor-version":[{"id":2035,"href":"https:\/\/lelegendaire.fr\/index.php\/wp-json\/wp\/v2\/posts\/2019\/revisions\/2035"}],"wp:featuredmedia":[{"embeddable":true,"href":"https:\/\/lelegendaire.fr\/index.php\/wp-json\/wp\/v2\/media\/1825"}],"wp:attachment":[{"href":"https:\/\/lelegendaire.fr\/index.php\/wp-json\/wp\/v2\/media?parent=2019"}],"wp:term":[{"taxonomy":"category","embeddable":true,"href":"https:\/\/lelegendaire.fr\/index.php\/wp-json\/wp\/v2\/categories?post=2019"},{"taxonomy":"post_tag","embeddable":true,"href":"https:\/\/lelegendaire.fr\/index.php\/wp-json\/wp\/v2\/tags?post=2019"}],"curies":[{"name":"wp","href":"https:\/\/api.w.org\/{rel}","templated":true}]}}