{"id":2085,"date":"2021-07-18T15:21:44","date_gmt":"2021-07-18T13:21:44","guid":{"rendered":"http:\/\/lelegendaire.fr\/?p=2085"},"modified":"2021-08-07T16:51:18","modified_gmt":"2021-08-07T14:51:18","slug":"qui-es-tu-homme-ou-bete-contes-merveilleux-ariane-pawin","status":"publish","type":"post","link":"https:\/\/lelegendaire.fr\/index.php\/2021\/07\/18\/qui-es-tu-homme-ou-bete-contes-merveilleux-ariane-pawin\/","title":{"rendered":"QUI ES-TU ? HOMME OU B\u00caTE ?- Contes merveilleux &#8211; ARIANE PAWIN"},"content":{"rendered":"<p>[vc_row][vc_column width=\u00a0\u00bb1\/6&Prime;][vc_column_text]<\/p>\n<p style=\"text-align: center;\"><span style=\"color: #993366;\"><b>JEUDI 25 NOVEMBRE 2021<\/b><\/span><b><span style=\"color: #800080;\"><br \/>\n<\/span><\/b><b><span style=\"font-weight: 400;\">dur\u00e9e 55 min<br \/>\n<\/span><\/b><span style=\"font-weight: 400;\">\u00e0 partir de 7 ans<\/span><span style=\"font-weight: 400;\"><br \/>\n<\/span><\/p>\n<p>[\/vc_column_text][\/vc_column][vc_column width=\u00a0\u00bb1\/6&Prime;][vc_column_text]<\/p>\n<p style=\"text-align: center;\"><span style=\"color: #993366;\"><b>MAINVILLIERS<br \/>\n<\/b><\/span><span style=\"color: #993366;\"><b>Salle des f\u00eates<br \/>\n<\/b><\/span><a href=\"https:\/\/www.google.com\/maps\/place\/Salle+des+F%C3%AAtes\/@48.4500424,1.4637052,15z\/data=!4m5!3m4!1s0x0:0xd52fbb6f089d414b!8m2!3d48.4500424!4d1.4637052\" target=\"_blank\" rel=\"noopener noreferrer\">1 avenue Victor Hugo<\/a><\/p>\n<p>[\/vc_column_text][\/vc_column][vc_column width=\u00a0\u00bb1\/6&Prime;][vc_column_text]<\/p>\n<p style=\"text-align: center;\"><span style=\"color: #993366;\"><b>Ariane Pawin<\/b><\/span><br \/>\nconte<br \/>\nchants, fl\u00fbte<\/p>\n<p>[\/vc_column_text][\/vc_column][vc_column][vc_zigzag color=\u00a0\u00bbcustom\u00a0\u00bb custom_color=\u00a0\u00bb#a0005b\u00a0\u00bb][vc_wp_text][\/vc_wp_text][\/vc_column][\/vc_row][vc_row][vc_column width=\u00a0\u00bb1\/2&Prime;][vc_wp_text]<a href=\"https:\/\/ariane-pawin.wixsite.com\/conteuse-comedienne\" target=\"_blank\" rel=\"noopener noreferrer\"><span style=\"color: #993366;\"><b>Ariane Pawin <\/b><\/span><\/a><\/p>\n<p>Conteuse, Ariane Pawin aime raconter seule en sc\u00e8ne, dans un espace nu. Simplement par sa parole, sa pr\u00e9sence, ses silences et son implication corporelle, la conteuse nous plonge au c\u0153ur des sensations de ces personnages, d\u2019une parole qui tant\u00f4t effleure, tant\u00f4t bouscule. Elle cr\u00e9e une parole \u00e9motionnelle qui touche \u00e0 l\u2019intime, en gardant toujours la gourmandise des mots et la jubilation des images. Elle cherche la langue propre \u00e0 chaque histoire : elle adore basculer brusquement d\u2019une \u00e9vocation po\u00e9tique tout en d\u00e9licatesse \u00e0 la truculence d\u2019une langue loufoque pleine d\u2019humour.<br \/>\nD\u2019abord com\u00e9dienne, elle se forme \u00e0 l\u2019Ecole Nationale Sup\u00e9rieure des Arts et Techniques du Th\u00e9\u00e2tre (ENSATT), puis \u00e0 la Com\u00e9die Fran\u00e7aise. Elle joue ensuite dans des spectacles tr\u00e8s vari\u00e9s, touchant \u00e9galement \u00e0 l\u2019improvisation, \u00e0 la danse, au th\u00e9\u00e2tre d\u2019objet, au chant. Elle anime r\u00e9guli\u00e8rement des ateliers th\u00e9\u00e2tre et conte aupr\u00e8s d\u2019enfants, d\u2019adolescents et d\u2019adultes.Elle d\u00e9couvre le conte au hasard d\u2019un stage et\u2026 tombe amoureuse des histoires, du rapport direct et ludique du conteur avec le public, entre invention et spontan\u00e9it\u00e9. En parall\u00e8le de ses spectacles de contes, elle continue de se former, aupr\u00e8s de Muriel Bloch, en exp\u00e9rimentant avec le collectif de l\u2019OGRE, et entame un compagnonnage avec Abbi Patrix et la Compagnie du Cercle.[\/vc_wp_text][\/vc_column][vc_column width=\u00a0\u00bb1\/2&Prime;][vc_wp_text]Depuis, elle a constitu\u00e9 un r\u00e9pertoire de conteuse, et cr\u00e9\u00e9 plusieurs spectacles : Femme Phoque ou Homme Perdrix, Histoires filantes, Peur de quoi ?. Elle adore raconter dans des lieux multiples, en festival ou en plein air, en salle de spectacle ou en visites cont\u00e9es, aupr\u00e8s du jeune public comme du public adulte.<br \/>\nDepuis 2017, elle travaille \u00e0 partir de <i>L\u2019Homme qui rit<\/i> de Victor Hugo, afin d\u2019en produire une adaptation racont\u00e9e, de voir comment oralit\u00e9 et litt\u00e9rature peuvent se rencontrer : ainsi na\u00eet Une Nuit \u00e0 travers la neige. Le spectacle tourne en 2018 et 2019 en classes de coll\u00e8ges et lyc\u00e9es. En 2019, elle en cr\u00e9e une version sc\u00e9nique, accompagn\u00e9e par La Maison du Conte et le Th\u00e9\u00e2tre des Sources (Fontenay aux Roses).[\/vc_wp_text][\/vc_column][\/vc_row]<\/p>\n","protected":false},"excerpt":{"rendered":"<p>[vc_row][vc_column width=\u00a0\u00bb1\/6&Prime;][vc_column_text] JEUDI 25 NOVEMBRE 2021 dur\u00e9e 55 min \u00e0 partir de 7 ans [\/vc_column_text][\/vc_column][vc_column width=\u00a0\u00bb1\/6&Prime;][vc_column_text] MAINVILLIERS Salle des f\u00eates 1 avenue Victor Hugo [\/vc_column_text][\/vc_column][vc_column width=\u00a0\u00bb1\/6&Prime;][vc_column_text] Ariane Pawin conte chants, fl\u00fbte [\/vc_column_text][\/vc_column][vc_column][vc_zigzag color=\u00a0\u00bbcustom\u00a0\u00bb custom_color=\u00a0\u00bb#a0005b\u00a0\u00bb][vc_wp_text][\/vc_wp_text][\/vc_column][\/vc_row][vc_row][vc_column width=\u00a0\u00bb1\/2&Prime;][vc_wp_text]Ariane Pawin Conteuse, Ariane Pawin aime raconter seule en sc\u00e8ne, dans un espace nu. Simplement par sa parole, sa pr\u00e9sence, ses silences et son implication corporelle, la conteuse nous plonge au c\u0153ur des sensations de ces personnages, d\u2019une parole qui tant\u00f4t effleure, tant\u00f4t bouscule. Elle cr\u00e9e une parole \u00e9motionnelle qui touche \u00e0 l\u2019intime, en gardant toujours la gourmandise des mots et la jubilation des images. Elle cherche la langue propre \u00e0 chaque histoire : elle adore basculer brusquement d\u2019une \u00e9vocation po\u00e9tique tout en d\u00e9licatesse \u00e0 la truculence d\u2019une langue loufoque pleine d\u2019humour. D\u2019abord com\u00e9dienne, elle se forme \u00e0 l\u2019Ecole Nationale Sup\u00e9rieure des Arts et Techniques du Th\u00e9\u00e2tre (ENSATT), puis \u00e0 la Com\u00e9die Fran\u00e7aise. Elle joue ensuite dans des spectacles tr\u00e8s vari\u00e9s, touchant \u00e9galement \u00e0 l\u2019improvisation, \u00e0 la danse, au th\u00e9\u00e2tre d\u2019objet, au chant. Elle anime r\u00e9guli\u00e8rement des ateliers th\u00e9\u00e2tre et conte aupr\u00e8s d\u2019enfants, d\u2019adolescents et d\u2019adultes.Elle d\u00e9couvre le conte au hasard d\u2019un stage et\u2026 tombe amoureuse des histoires, du rapport direct et ludique du conteur avec le public, entre invention et spontan\u00e9it\u00e9. En parall\u00e8le de ses spectacles de contes, elle continue de se former, aupr\u00e8s de Muriel Bloch, en exp\u00e9rimentant avec le collectif de l\u2019OGRE, et entame un compagnonnage avec Abbi Patrix et la Compagnie du Cercle.[\/vc_wp_text][\/vc_column][vc_column width=\u00a0\u00bb1\/2&Prime;][vc_wp_text]Depuis, elle a constitu\u00e9 un r\u00e9pertoire de conteuse, et cr\u00e9\u00e9 plusieurs spectacles : Femme Phoque ou Homme Perdrix, Histoires filantes, Peur de quoi ?. Elle adore raconter dans des lieux multiples, en festival ou en plein air, en salle de spectacle ou en visites cont\u00e9es, aupr\u00e8s du jeune public comme du public adulte. Depuis 2017, elle travaille \u00e0 partir de L\u2019Homme qui rit de Victor Hugo, afin d\u2019en produire une adaptation racont\u00e9e, de voir comment oralit\u00e9 et litt\u00e9rature peuvent se rencontrer : ainsi na\u00eet Une Nuit \u00e0 travers la neige. Le spectacle tourne en 2018 et 2019 en classes de coll\u00e8ges et lyc\u00e9es. En 2019, elle en cr\u00e9e une version sc\u00e9nique, accompagn\u00e9e par La Maison du Conte et le Th\u00e9\u00e2tre des Sources (Fontenay aux Roses).[\/vc_wp_text][\/vc_column][\/vc_row]<\/p>\n","protected":false},"author":2,"featured_media":2086,"comment_status":"open","ping_status":"open","sticky":false,"template":"","format":"standard","meta":[],"categories":[14],"tags":[],"_links":{"self":[{"href":"https:\/\/lelegendaire.fr\/index.php\/wp-json\/wp\/v2\/posts\/2085"}],"collection":[{"href":"https:\/\/lelegendaire.fr\/index.php\/wp-json\/wp\/v2\/posts"}],"about":[{"href":"https:\/\/lelegendaire.fr\/index.php\/wp-json\/wp\/v2\/types\/post"}],"author":[{"embeddable":true,"href":"https:\/\/lelegendaire.fr\/index.php\/wp-json\/wp\/v2\/users\/2"}],"replies":[{"embeddable":true,"href":"https:\/\/lelegendaire.fr\/index.php\/wp-json\/wp\/v2\/comments?post=2085"}],"version-history":[{"count":3,"href":"https:\/\/lelegendaire.fr\/index.php\/wp-json\/wp\/v2\/posts\/2085\/revisions"}],"predecessor-version":[{"id":2927,"href":"https:\/\/lelegendaire.fr\/index.php\/wp-json\/wp\/v2\/posts\/2085\/revisions\/2927"}],"wp:featuredmedia":[{"embeddable":true,"href":"https:\/\/lelegendaire.fr\/index.php\/wp-json\/wp\/v2\/media\/2086"}],"wp:attachment":[{"href":"https:\/\/lelegendaire.fr\/index.php\/wp-json\/wp\/v2\/media?parent=2085"}],"wp:term":[{"taxonomy":"category","embeddable":true,"href":"https:\/\/lelegendaire.fr\/index.php\/wp-json\/wp\/v2\/categories?post=2085"},{"taxonomy":"post_tag","embeddable":true,"href":"https:\/\/lelegendaire.fr\/index.php\/wp-json\/wp\/v2\/tags?post=2085"}],"curies":[{"name":"wp","href":"https:\/\/api.w.org\/{rel}","templated":true}]}}