{"id":2503,"date":"2021-09-26T17:07:17","date_gmt":"2021-09-26T15:07:17","guid":{"rendered":"http:\/\/lelegendaire.fr\/?p=2503"},"modified":"2021-09-26T17:24:47","modified_gmt":"2021-09-26T15:24:47","slug":"mediation-rencontres-et-ateliers-2020","status":"publish","type":"post","link":"https:\/\/lelegendaire.fr\/index.php\/2021\/09\/26\/mediation-rencontres-et-ateliers-2020\/","title":{"rendered":"M\u00e9diation &#8211; Rencontres et ateliers 2020"},"content":{"rendered":"<p>[vc_row][vc_column][vc_wp_text][\/vc_wp_text][\/vc_column][\/vc_row][vc_row][vc_column][vc_text_separator title=\u00a0\u00bbRENCONTRES ET ATELIERS 2020&Prime; title_align=\u00a0\u00bbseparator_align_left\u00a0\u00bb color=\u00a0\u00bbblack\u00a0\u00bb border_width=\u00a0\u00bb10&Prime;][\/vc_column][\/vc_row][vc_row][vc_column][vc_separator color=\u00a0\u00bbcustom\u00a0\u00bb accent_color=\u00a0\u00bb#bababa\u00a0\u00bb][\/vc_column][\/vc_row][vc_row][vc_column width=\u00a0\u00bb1\/6&Prime;][vc_wp_text]<\/p>\n<p style=\"text-align: center;\"><span style=\"color: #993366;\"><strong><span style=\"color: #000000;\">REPORT<\/span><br \/>\nSAMEDI 09 JANVIER 2021<\/strong><\/span><br \/>\n<span style=\"color: #993366;\">14h30<br \/>\n<span style=\"color: #000000;\">dur\u00e9e 2h<\/span><br \/>\n<\/span>\u00e0 partir de 7 ans<br \/>\ngratuit<br \/>\nr\u00e9servation obligatoire 09 63 68 56 63<\/p>\n<p>[\/vc_wp_text][\/vc_column][vc_column width=\u00a0\u00bb1\/6&Prime;][vc_wp_text]<\/p>\n<p style=\"text-align: center;\"><span style=\"color: #993366;\"><strong>COULOMBS<\/strong><\/span><br \/>\n<strong><span style=\"color: #993366;\">Biblioth\u00e8que<\/span><\/strong><br \/>\n<a href=\"https:\/\/www.google.com\/maps?q=39,+grande+rue,+28210+Coulombs&amp;rlz=1C5CHFA_enFR689FR689&amp;um=1&amp;ie=UTF-8&amp;sa=X&amp;ved=2ahUKEwiL27G7j8HsAhWMoBQKHSfsBt8Q_AUoAXoECAgQAw\">39 Grande rue<\/a><\/p>\n<p>[\/vc_wp_text][\/vc_column][vc_column width=\u00a0\u00bb1\/6&Prime;][vc_wp_text]<\/p>\n<p style=\"text-align: center;\"><span style=\"color: #993366;\"><strong>B\u00e9n\u00e9dicte Nemo<\/strong><\/span><br \/>\nillustration<\/p>\n<p>[\/vc_wp_text][\/vc_column][vc_column width=\u00a0\u00bb1\/2&Prime;][vc_column_text]<span style=\"font-weight: 400; color: #993366;\"><em><strong>Autoportrait au temps du r\u00eave<\/strong><\/em> &#8211; Atelier de cr\u00e9ation adultes et enfants<br \/>\n<span style=\"color: #000000;\">La Biblioth\u00e8que de Coulombs re\u00e7oit l&rsquo;illustratrice pour un atelier familial sur l&rsquo;autoportrait avec la technique du pointillisme aborig\u00e8ne et en r\u00e9sonance avec la th\u00e9matique du festival, en r\u00e9f\u00e9rence \u00e0 son album <em>Liam et le serpent arc-en-ciel<\/em> des \u00e9ditions Cipango (\u00e0 retrouver aux <em>Rencontres du L\u00e9gendaire<\/em> \u00e0 Chartres).<\/span><\/span>[\/vc_column_text][\/vc_column][\/vc_row][vc_row][vc_column width=\u00a0\u00bb1\/4&Prime;][vc_single_image image=\u00a0\u00bb2108&Prime; img_size=\u00a0\u00bbmedium\u00a0\u00bb alignment=\u00a0\u00bbcenter\u00a0\u00bb][vc_btn title=\u00a0\u00bbbenedicte-nemo.com\u00a0\u00bb align=\u00a0\u00bbcenter\u00a0\u00bb link=\u00a0\u00bburl:https%3A%2F%2Fwww.benedicte-nemo.com%2F||target:%20_blank|\u00a0\u00bb][\/vc_column][vc_column width=\u00a0\u00bb3\/4&Prime;][vc_single_image image=\u00a0\u00bb2107&Prime; img_size=\u00a0\u00bbfull\u00a0\u00bb alignment=\u00a0\u00bbcenter\u00a0\u00bb][vc_wp_text]<em>Riche de plus de 20 ans d&rsquo;exp\u00e9rience cr\u00e9ative dans les domaines de l\u2019\u00e9dition, de l\u2019identit\u00e9 visuelle et de l&rsquo; illustration, B\u00e9n\u00e9dicte Nemo cr\u00e9\u00e9 <\/em><em>des univers sur mesure. <\/em><em>Elle est dipl\u00f4m\u00e9e de l\u2019\u00c9cole Sup\u00e9rieure <\/em><em>des Arts D\u00e9coratifs de Paris (ENSAD &#8211; 1998) et a r\u00e9alis\u00e9 <\/em><em>depuis les illustrations d&rsquo;une trentaine <\/em><em>d&rsquo;ouvrages aupr\u00e8s de plusieurs maisons d&rsquo;\u00e9dition <\/em><em>li\u00e9es \u00e0 la\u00a0 jeunesse et au voyage\u2026 Illustratrice phare des \u00c9ditions Cipango, retrouvez ses ouvrages sur le stand du Salon du livre aux Rencontres du L\u00e9gendaire les 21 et 22 novembre 2020.<\/em>[\/vc_wp_text][\/vc_column][\/vc_row][vc_row][vc_column][vc_wp_text][\/vc_wp_text][\/vc_column][\/vc_row][vc_row][vc_column][vc_separator color=\u00a0\u00bbcustom\u00a0\u00bb border_width=\u00a0\u00bb2&Prime; accent_color=\u00a0\u00bb#bababa\u00a0\u00bb][\/vc_column][\/vc_row][vc_row][vc_column width=\u00a0\u00bb1\/6&Prime;][vc_wp_text]<\/p>\n<p style=\"text-align: center;\"><span style=\"color: #993366;\"><strong>DU 20 AU 30 OCTOBRE 2020<\/strong><\/span><br \/>\njourn\u00e9e : atelier + visite<br \/>\nr\u00e9servation obligatoire<br \/>\nludivine.garrigue@monuments-nationaux.fr<\/p>\n<p>[\/vc_wp_text][\/vc_column][vc_column width=\u00a0\u00bb1\/6&Prime;][vc_wp_text]<\/p>\n<p style=\"text-align: center;\"><strong><span style=\"color: #993366;\">CH\u00c2TEAUDUN<br \/>\n<\/span><\/strong>Ch\u00e2teau<br \/>\n<a href=\"https:\/\/www.google.com\/maps\/place\/Jardins+du+Ch%C3%A2teau+de+Ch%C3%A2teaudun\/@48.0707381,1.3208594,17z\/data=!3m1!4b1!4m5!3m4!1s0x47e37f8a359a2a93:0x9f5762807d5c1a98!8m2!3d48.0707381!4d1.3230481\">Place Jehan de Dunois<\/a><\/p>\n<p>[\/vc_wp_text][\/vc_column][vc_column width=\u00a0\u00bb1\/6&Prime;][vc_wp_text]<\/p>\n<p style=\"text-align: center;\"><span style=\"color: #993366;\"><strong>Julia Alimasi<br \/>\n<\/strong><\/span>conte<span style=\"color: #993366;\"><strong><br \/>\n<\/strong><\/span><span style=\"color: #993366;\"><strong>Jean-Jacques Barbette<br \/>\n<\/strong><span style=\"color: #000000;\">musique<br \/>\n<\/span><\/span><span style=\"color: #993366;\"><strong>Martine Lafon<br \/>\n<\/strong><span style=\"color: #000000;\">arts plastiques<\/span><\/span><\/p>\n<p>[\/vc_wp_text][\/vc_column][vc_column width=\u00a0\u00bb1\/2&Prime;][vc_wp_text]<span style=\"color: #993366;\"><b><i>Rouge, histoires tiss\u00e9es &#8211; contes \u00e0 d\u00e9bobiner<\/i><\/b><b>\u00a0<\/b>&#8211; C&rsquo;est mon Patrimoine ! 2020<\/span><br \/>\n<span style=\"font-weight: 400;\">Le Centre des Monuments Nationaux en partenariat avec la Cie Hamsa propose un projet port\u00e9 sur le <a href=\"http:\/\/www.chateau-chateaudun.fr\/\" target=\"_blank\" rel=\"noopener noreferrer\">Ch\u00e2teau de Ch\u00e2teaudun<\/a> : r\u00e9f\u00e9rences aux tapisseries du XVe au XVIIe si\u00e8cles pi\u00e8ces ma\u00eetresses du Ch\u00e2teau, r\u00e9f\u00e9rences litt\u00e9raires avec les contes, l\u00e9gendes, mythes et la symbolique des ch\u00e2teaux.<br \/>\n<\/span><\/p>\n<p><span style=\"color: #993366;\">\u2022 Des enfants en centre de loisirs et dans des structures d\u2019accompagnement de la R\u00e9gion Centre &#8211; Val-de-Loire seront accueillis au Ch\u00e2teau de Ch\u00e2teaudun du 20 au 22 et du 27 au 30 octobre 2020<br \/>\n\u2022 Ateliers ouverts aux familles les mercredis 21 et 27 octobre \u00e0 14h sur r\u00e9servation uniquement.<\/span>[\/vc_wp_text][\/vc_column][\/vc_row][vc_row][vc_column width=\u00a0\u00bb1\/2&Prime;][vc_column_text]<span style=\"font-weight: 400;\"><em><strong>C&rsquo;est mon patrimoine !<\/strong><\/em> &#8211; Dispositif national DRAC<br \/>\nL\u2019op\u00e9ration \u00ab C\u2019est mon patrimoine ! \u00bb a \u00e9t\u00e9 lanc\u00e9e en 2005 par le minist\u00e8re de la Culture (\u00ab Les Portes du temps \u00bb). Elle est organis\u00e9e en partenariat avec le Commissariat g\u00e9n\u00e9ral \u00e0 l\u2019\u00e9galit\u00e9 des territoires (CGET) et mise en \u0153uvre dans le cadre des objectifs communs de coh\u00e9sion sociale, d\u2019int\u00e9gration et d\u2019acc\u00e8s \u00e0 la culture des personnes qui en sont les plus \u00e9loign\u00e9es.<br \/>\n<\/span><span style=\"font-weight: 400;\">Afin de susciter d\u00e8s le plus jeune \u00e2ge un int\u00e9r\u00eat envers le patrimoine et comprendre son int\u00e9gration dans son environnement (g\u00e9ographique, historique, culturel), l\u2019acc\u00e8s aux patrimoines (b\u00e2ti, paysager, artistique, immat\u00e9riel) occupe une place significative et structurante dans les parcours d\u2019\u00e9ducation. Les artistes permettent une lecture et une appropriation de ce patrimoine \u00e0 travers des d\u00e9marches artistiques \u00e9tay\u00e9es rendues accessibles aux enfants par la pratique.<\/span><\/p>\n<p><b><i><img loading=\"lazy\" class=\"size-medium wp-image-2099 aligncenter\" src=\"http:\/\/lelegendaire.fr\/wp-content\/uploads\/2020\/10\/CMP-2020-300x108.jpg\" alt=\"\" width=\"300\" height=\"108\" srcset=\"https:\/\/lelegendaire.fr\/wp-content\/uploads\/2020\/10\/CMP-2020-300x108.jpg 300w, https:\/\/lelegendaire.fr\/wp-content\/uploads\/2020\/10\/CMP-2020.jpg 400w\" sizes=\"(max-width: 300px) 100vw, 300px\" \/><\/i><\/b>[\/vc_column_text][\/vc_column][vc_column width=\u00a0\u00bb1\/2&Prime;][vc_wp_text]<b>PROJET ARTISTIQUE ET P\u00c9DAGOGIQUE<br \/>\n<\/b><span style=\"color: #993366;\">avec Martine Lafon \/ Julia Alimasi \/ Jean-Jacques Barbette<\/span><\/p>\n<p><span style=\"font-weight: 400;\">Des artistes professionnels (plasticienne, conteur, musicien) sont sollicit\u00e9s pour \u00e9tablir et mener une d\u00e9marche artistique personnelle int\u00e9grant la participation d\u2019enfants. Les \u00ab objets artistiques \u00bb trouvent place lors d\u2019une restitution dans un parcours au sein du Ch\u00e2teau pendant 3 mois, int\u00e9gr\u00e9s aux \u0153uvres expos\u00e9es de la plasticienne et particuli\u00e8rement mis en valeur lors d\u2019une repr\u00e9sentation d\u2019un spectacle du conteur sur les th\u00e9matiques d\u00e9velopp\u00e9es.<\/span><\/p>\n<p><span style=\"font-weight: 400;\">La th\u00e9matique \u201cRouge\u201d de l\u2019exposition \u201cRouge passion\u201d du travail personnel de Martine Lafon (notamment en r\u00e9f\u00e9rence aux tapisseries) et la th\u00e9matique \u201cL\u2019Homme et la Nature &amp; la nature de l\u2019Homme\u201d du festival de conte <\/span><i><span style=\"font-weight: 400;\">Le L\u00e9gendaire<\/span><\/i><span style=\"font-weight: 400;\"> sont les points de d\u00e9part du projet artistique. \u201cLe Chaperon Rouge\u201d est ainsi choisi comme r\u00e9f\u00e9rence commune aux trois artistes inspir\u00e9s par les diff\u00e9rentes versions orales de ce conte, collect\u00e9es par les ethnologues de la fin du XIX\u00e8me jusque vers 1965.<\/span>[\/vc_wp_text][\/vc_column][\/vc_row][vc_row][vc_column width=\u00a0\u00bb1\/2&Prime;][vc_video link=\u00a0\u00bbhttps:\/\/www.youtube.com\/watch?v=5xOQjpXgUW0&Prime; align=\u00a0\u00bbcenter\u00a0\u00bb][\/vc_column][vc_column width=\u00a0\u00bb1\/2&Prime;][vc_single_image image=\u00a0\u00bb1522&Prime; img_size=\u00a0\u00bbfull\u00a0\u00bb alignment=\u00a0\u00bbcenter\u00a0\u00bb][\/vc_column][\/vc_row][vc_row][vc_column width=\u00a0\u00bb1\/2&Prime;][vc_wp_text]<b>\u2022 Installation textile\u00a0<\/b><\/p>\n<p><span style=\"font-weight: 400;\">Un grand linge brod\u00e9 et imprim\u00e9 aux motifs du \u201cChaperon rouge\u201d (d\u2019apr\u00e8s des dessins de l\u2019artiste) sera la base pour le travail collectif. Les r\u00e9f\u00e9rences litt\u00e9raires et de nouveaux \u00e9l\u00e9ments rep\u00e9rables dans le ch\u00e2teau contribueront \u00e0 nourrir les d\u00e9clinaisons du conte cr\u00e9ant un lien entre le sens de celui-ci et de nouvelles narrations. Les multiples morceaux de tissus r\u00e9alis\u00e9s (dessins, textes, mots) \u00e9pingl\u00e9s ou cousus sur le grand linge, seront par ces principes une allusion aux symboliques chemin des aiguilles et chemin des \u00e9pingles pr\u00e9sent dans plusieurs versions du conte du \u201cChaperon rouge\u201d. En fin d\u2019atelier, chaque participant pourra couper un \u00e9l\u00e9ment du linge, emportant un morceau de son histoire au Ch\u00e2teau, de ses mots ou de ses dessins ou d\u2019un de ceux de l\u2019artiste, cr\u00e9ant ainsi par atelier une quinzaine de \u201cfen\u00eatres\u201d dans le linge.<\/span><\/p>\n<p><span style=\"font-weight: 400;\">Exemples<br \/>\n<\/span><span style=\"font-weight: 400;\">&#8211; Dans la statuaire : le cerf de la grande salle basse de l\u2019aile Longueville<br \/>\n<\/span><span style=\"font-weight: 400;\">&#8211; Dans les tapisseries : la couleur rouge y est tiss\u00e9e et occupe la forme de v\u00eatements, symbole de puissance et de richesse, donc de pouvoir mais aussi de mise en garde. Mo\u00efse, G\u00e9d\u00e9on, Herminie d\u2019Antioche ou encore Abraham la porte dans une configuration sylvestre. Le rouge est ainsi dans les bois et au ch\u00e2teau.<\/span>[\/vc_wp_text][\/vc_column][vc_column width=\u00a0\u00bb1\/2&Prime;][vc_wp_text]<b>\u2022 Installation sonore\u00a0<\/b><\/p>\n<p><span style=\"font-weight: 400;\">Les captations des ateliers men\u00e9s par la conteuse et le musicien seront mont\u00e9es pour une restitution commune, un enregistrement audio diffus\u00e9 au sein d\u2019un parcours de visite du Ch\u00e2teau.\u00a0<\/span><\/p>\n<p><span style=\"font-weight: 400;\">Les participants seront guid\u00e9s par la conteuse dans une \u201clecture\u201d et une appropriation du conte du \u201cChaperon rouge\u201d pour en extraire son essence, des mots, des textes, des chants d\u2019apr\u00e8s notamment des versions \u00e9trang\u00e8res du conte. La d\u00e9couverte de la pratique de l&rsquo;art du conte sera anim\u00e9e par le jeu th\u00e9\u00e2tral (\u00e9motions, gestion de l&rsquo;espace, interaction public) et le travail sur la musicalit\u00e9 des mots et des sons. Une ouverture au plurilinguisme par les diff\u00e9rentes versions du conte, la double culture de l\u2019artiste et les langues pratiqu\u00e9es au sein du groupe, incitera les participants \u00e0 raconter et chanter en utilisant diff\u00e9rentes langues (compr\u00e9hension, prononciation, musicalit\u00e9).<\/span><\/p>\n<p><span style=\"font-weight: 400;\">Les ateliers de pratique musicale inviteront les participants \u00e0 construire des ambiances \u00e0 partir de textures sonores diff\u00e9rentes (percussions, idiophones, mat\u00e9riaux de r\u00e9cup\u00e9ration), tant\u00f4t m\u00e9lodiques sugg\u00e9rant \u00e9l\u00e9ments et environnements (cadres du r\u00e9cit : for\u00eat, village, animaux, vent\u2026), tant\u00f4t rythmiques pour retranscrire les \u00e9motions des personnages et l\u2019aspect dramatique des sc\u00e8nes.<\/span>[\/vc_wp_text][\/vc_column][\/vc_row][vc_row][vc_column][vc_wp_text]<\/p>\n<h4><em><strong>Autres rendez-vous aux ch\u00e2teaux\u2026<\/strong><\/em><\/h4>\n<p>[\/vc_wp_text][\/vc_column][\/vc_row][vc_row][vc_column width=\u00a0\u00bb1\/2&Prime;][vc_wp_text]<em><strong>EXPOSITIONS<\/strong><\/em><\/p>\n<p>\u2022 \u00ab Rouge, le temps d\u2019une passion \u00bb exposition des installations de Martine Lafon et cr\u00e9ations des jeunes dans le cadre de \u00ab C\u2019est mon patrimoine ! \u00bb \/ du 27 novembre au 31 janvier 2021 \/ Ch\u00e2teau \/ CH\u00c2TEAUDUN<br \/>\n\u2022 Visite comment\u00e9e de l&rsquo;exposition par Martine Lafon puis s\u00e9ance de d\u00e9dicace \/ 6 d\u00e9cembre \/ Ch\u00e2teau \/ CH\u00c2TEAUDUN<br \/>\n\u2022 \u00ab \u00c9carlate et confusion \u00bb installations de Martine Lafon \u2022 du 31 octobre au 28 f\u00e9vrier 2021 \/ Ch\u00e2teau \/ FOUG\u00c8RES-SUR-BI\u00c8VRE<br \/>\n\u2022 \u00ab Rouge gourmand \u00bb installations de Martine Lafon \/ du 4 d\u00e9cembre au 31 janvier 2021 \/ Ch\u00e2teau \/ TALCY[\/vc_wp_text][\/vc_column][vc_column width=\u00a0\u00bb1\/2&Prime;][vc_wp_text]<em><strong>SPECTACLES<\/strong><\/em><\/p>\n<p>\u2022 \u00ab Contes \u00e0 la sauce italienne \u00bb visite cont\u00e9e avec Julia Alimasi \/ 22 et 26 d\u00e9cembre \/ Ch\u00e2teau de CH\u00c2TEAUDUN<br \/>\n\u2022 \u00ab Contes \u00e0 la sauce italienne \u00bb visite cont\u00e9e avec Julia Alimasi \/ 21 et 27 d\u00e9cembre \/ Ch\u00e2teau de FOUG\u00c8RES-SUR-BI\u00c8VRE<br \/>\n\u2022 \u00ab Contes \u00e0 la sauce italienne \u00bb visite et cont\u00e9e avec Julia Alimasi \/ 23 d\u00e9cembre \/ Ch\u00e2teau de TALCY[\/vc_wp_text][\/vc_column][\/vc_row][vc_row][vc_column][vc_wp_text][\/vc_wp_text][\/vc_column][\/vc_row][vc_row][vc_column][vc_separator color=\u00a0\u00bbcustom\u00a0\u00bb border_width=\u00a0\u00bb2&Prime; accent_color=\u00a0\u00bb#bababa\u00a0\u00bb][\/vc_column][\/vc_row][vc_row][vc_column][vc_wp_text][\/vc_wp_text][\/vc_column][\/vc_row][vc_row][vc_column][vc_text_separator title=\u00a0\u00bbARCHIVES EN IMAGES\u00a0\u00bb title_align=\u00a0\u00bbseparator_align_left\u00a0\u00bb color=\u00a0\u00bbblack\u00a0\u00bb border_width=\u00a0\u00bb10&Prime;][\/vc_column][\/vc_row][vc_row][vc_column][vc_column_text]<\/p>\n<p style=\"text-align: center;\"><strong>Retours en images sur des ateliers pass\u00e9s dans le cadre du L\u00e9gendaire !<\/strong><\/p>\n<p>[\/vc_column_text][vc_basic_grid post_type=\u00a0\u00bbpost\u00a0\u00bb max_items=\u00a0\u00bb10&Prime; style=\u00a0\u00bbload-more\u00a0\u00bb grid_id=\u00a0\u00bbvc_gid:1626178535914-845dad4d-d8cb-5&Prime; taxonomies=\u00a0\u00bb15&Prime;][\/vc_column][\/vc_row]<\/p>\n","protected":false},"excerpt":{"rendered":"<p>[vc_row][vc_column][vc_wp_text][\/vc_wp_text][\/vc_column][\/vc_row][vc_row][vc_column][vc_text_separator title=\u00a0\u00bbRENCONTRES ET ATELIERS 2020&Prime; title_align=\u00a0\u00bbseparator_align_left\u00a0\u00bb color=\u00a0\u00bbblack\u00a0\u00bb border_width=\u00a0\u00bb10&Prime;][\/vc_column][\/vc_row][vc_row][vc_column][vc_separator color=\u00a0\u00bbcustom\u00a0\u00bb accent_color=\u00a0\u00bb#bababa\u00a0\u00bb][\/vc_column][\/vc_row][vc_row][vc_column width=\u00a0\u00bb1\/6&Prime;][vc_wp_text] REPORT SAMEDI 09 JANVIER 2021 14h30 dur\u00e9e 2h \u00e0 partir de 7 ans gratuit r\u00e9servation obligatoire 09 63 68 56 63 [\/vc_wp_text][\/vc_column][vc_column width=\u00a0\u00bb1\/6&Prime;][vc_wp_text] COULOMBS Biblioth\u00e8que 39 Grande rue [\/vc_wp_text][\/vc_column][vc_column width=\u00a0\u00bb1\/6&Prime;][vc_wp_text] B\u00e9n\u00e9dicte Nemo illustration [\/vc_wp_text][\/vc_column][vc_column width=\u00a0\u00bb1\/2&Prime;][vc_column_text]Autoportrait au temps du r\u00eave &#8211; Atelier de cr\u00e9ation adultes et enfants La Biblioth\u00e8que de Coulombs re\u00e7oit l&rsquo;illustratrice pour un atelier familial sur l&rsquo;autoportrait avec la technique du pointillisme aborig\u00e8ne et en r\u00e9sonance avec la th\u00e9matique du festival, en r\u00e9f\u00e9rence \u00e0 son album Liam et le serpent arc-en-ciel des \u00e9ditions Cipango (\u00e0 retrouver aux Rencontres du L\u00e9gendaire \u00e0 Chartres).[\/vc_column_text][\/vc_column][\/vc_row][vc_row][vc_column width=\u00a0\u00bb1\/4&Prime;][vc_single_image image=\u00a0\u00bb2108&Prime; img_size=\u00a0\u00bbmedium\u00a0\u00bb alignment=\u00a0\u00bbcenter\u00a0\u00bb][vc_btn title=\u00a0\u00bbbenedicte-nemo.com\u00a0\u00bb align=\u00a0\u00bbcenter\u00a0\u00bb link=\u00a0\u00bburl:https%3A%2F%2Fwww.benedicte-nemo.com%2F||target:%20_blank|\u00a0\u00bb][\/vc_column][vc_column width=\u00a0\u00bb3\/4&Prime;][vc_single_image image=\u00a0\u00bb2107&Prime; img_size=\u00a0\u00bbfull\u00a0\u00bb alignment=\u00a0\u00bbcenter\u00a0\u00bb][vc_wp_text]Riche de plus de 20 ans d&rsquo;exp\u00e9rience cr\u00e9ative dans les domaines de l\u2019\u00e9dition, de l\u2019identit\u00e9 visuelle et de l&rsquo; illustration, B\u00e9n\u00e9dicte Nemo cr\u00e9\u00e9 des univers sur mesure. Elle est dipl\u00f4m\u00e9e de l\u2019\u00c9cole Sup\u00e9rieure des Arts D\u00e9coratifs de Paris (ENSAD &#8211; 1998) et a r\u00e9alis\u00e9 depuis les illustrations d&rsquo;une trentaine d&rsquo;ouvrages aupr\u00e8s de plusieurs maisons d&rsquo;\u00e9dition li\u00e9es \u00e0 la\u00a0 jeunesse et au voyage\u2026 Illustratrice phare des \u00c9ditions Cipango, retrouvez ses ouvrages sur le stand du Salon du livre aux Rencontres du L\u00e9gendaire les 21 et 22 novembre 2020.[\/vc_wp_text][\/vc_column][\/vc_row][vc_row][vc_column][vc_wp_text][\/vc_wp_text][\/vc_column][\/vc_row][vc_row][vc_column][vc_separator color=\u00a0\u00bbcustom\u00a0\u00bb border_width=\u00a0\u00bb2&Prime; accent_color=\u00a0\u00bb#bababa\u00a0\u00bb][\/vc_column][\/vc_row][vc_row][vc_column width=\u00a0\u00bb1\/6&Prime;][vc_wp_text] DU 20 AU 30 OCTOBRE 2020 journ\u00e9e : atelier + visite r\u00e9servation obligatoire ludivine.garrigue@monuments-nationaux.fr [\/vc_wp_text][\/vc_column][vc_column width=\u00a0\u00bb1\/6&Prime;][vc_wp_text] CH\u00c2TEAUDUN Ch\u00e2teau Place Jehan de Dunois [\/vc_wp_text][\/vc_column][vc_column width=\u00a0\u00bb1\/6&Prime;][vc_wp_text] Julia Alimasi conte Jean-Jacques Barbette musique Martine Lafon arts plastiques [\/vc_wp_text][\/vc_column][vc_column width=\u00a0\u00bb1\/2&Prime;][vc_wp_text]Rouge, histoires tiss\u00e9es &#8211; contes \u00e0 d\u00e9bobiner\u00a0&#8211; C&rsquo;est mon Patrimoine ! 2020 Le Centre des Monuments Nationaux en partenariat avec la Cie Hamsa propose un projet port\u00e9 sur le Ch\u00e2teau de Ch\u00e2teaudun : r\u00e9f\u00e9rences aux tapisseries du XVe au XVIIe si\u00e8cles pi\u00e8ces ma\u00eetresses du Ch\u00e2teau, r\u00e9f\u00e9rences litt\u00e9raires avec les contes, l\u00e9gendes, mythes et la symbolique des ch\u00e2teaux. \u2022 Des enfants en centre de loisirs et dans des structures d\u2019accompagnement de la R\u00e9gion Centre &#8211; Val-de-Loire seront accueillis au Ch\u00e2teau de Ch\u00e2teaudun du 20 au 22 et du 27 au 30 octobre 2020 \u2022 Ateliers ouverts aux familles les mercredis 21 et 27 octobre \u00e0 14h sur r\u00e9servation uniquement.[\/vc_wp_text][\/vc_column][\/vc_row][vc_row][vc_column width=\u00a0\u00bb1\/2&Prime;][vc_column_text]C&rsquo;est mon patrimoine ! &#8211; Dispositif national DRAC L\u2019op\u00e9ration \u00ab C\u2019est mon patrimoine ! \u00bb a \u00e9t\u00e9 lanc\u00e9e en 2005 par le minist\u00e8re de la Culture (\u00ab Les Portes du temps \u00bb). Elle est organis\u00e9e en partenariat avec le Commissariat g\u00e9n\u00e9ral \u00e0 l\u2019\u00e9galit\u00e9 des territoires (CGET) et mise en \u0153uvre dans le cadre des objectifs communs de coh\u00e9sion sociale, d\u2019int\u00e9gration et d\u2019acc\u00e8s \u00e0 la culture des personnes qui en sont les plus \u00e9loign\u00e9es. Afin de susciter d\u00e8s le plus jeune \u00e2ge un int\u00e9r\u00eat envers le patrimoine et comprendre son int\u00e9gration dans son environnement (g\u00e9ographique, historique, culturel), l\u2019acc\u00e8s aux patrimoines (b\u00e2ti, paysager, artistique, immat\u00e9riel) occupe une place significative et structurante dans les parcours d\u2019\u00e9ducation. Les artistes permettent une lecture et une appropriation de ce patrimoine \u00e0 travers des d\u00e9marches artistiques \u00e9tay\u00e9es rendues accessibles aux enfants par la pratique. [\/vc_column_text][\/vc_column][vc_column width=\u00a0\u00bb1\/2&Prime;][vc_wp_text]PROJET ARTISTIQUE ET P\u00c9DAGOGIQUE avec Martine Lafon \/ Julia Alimasi \/ Jean-Jacques Barbette Des artistes professionnels (plasticienne, conteur, musicien) sont sollicit\u00e9s pour \u00e9tablir et mener une d\u00e9marche artistique personnelle int\u00e9grant la participation d\u2019enfants. Les \u00ab objets artistiques \u00bb trouvent place lors d\u2019une restitution dans un parcours au sein du Ch\u00e2teau pendant 3 mois, int\u00e9gr\u00e9s aux \u0153uvres expos\u00e9es de la plasticienne et particuli\u00e8rement mis en valeur lors d\u2019une repr\u00e9sentation d\u2019un spectacle du conteur sur les th\u00e9matiques d\u00e9velopp\u00e9es. La th\u00e9matique \u201cRouge\u201d de l\u2019exposition \u201cRouge passion\u201d du travail personnel de Martine Lafon (notamment en r\u00e9f\u00e9rence aux tapisseries) et la th\u00e9matique \u201cL\u2019Homme et la Nature &amp; la nature de l\u2019Homme\u201d du festival de conte Le L\u00e9gendaire sont les points de d\u00e9part du projet artistique. \u201cLe Chaperon Rouge\u201d est ainsi choisi comme r\u00e9f\u00e9rence commune aux trois artistes inspir\u00e9s par les diff\u00e9rentes versions orales de ce conte, collect\u00e9es par les ethnologues de la fin du XIX\u00e8me jusque vers 1965.[\/vc_wp_text][\/vc_column][\/vc_row][vc_row][vc_column width=\u00a0\u00bb1\/2&Prime;][vc_video link=\u00a0\u00bbhttps:\/\/www.youtube.com\/watch?v=5xOQjpXgUW0&Prime; align=\u00a0\u00bbcenter\u00a0\u00bb][\/vc_column][vc_column width=\u00a0\u00bb1\/2&Prime;][vc_single_image image=\u00a0\u00bb1522&Prime; img_size=\u00a0\u00bbfull\u00a0\u00bb alignment=\u00a0\u00bbcenter\u00a0\u00bb][\/vc_column][\/vc_row][vc_row][vc_column width=\u00a0\u00bb1\/2&Prime;][vc_wp_text]\u2022 Installation textile\u00a0 Un grand linge brod\u00e9 et imprim\u00e9 aux motifs du \u201cChaperon rouge\u201d (d\u2019apr\u00e8s des dessins de l\u2019artiste) sera la base pour le travail collectif. Les r\u00e9f\u00e9rences litt\u00e9raires et de nouveaux \u00e9l\u00e9ments rep\u00e9rables dans le ch\u00e2teau contribueront \u00e0 nourrir les d\u00e9clinaisons du conte cr\u00e9ant un lien entre le sens de celui-ci et de nouvelles narrations. Les multiples morceaux de tissus r\u00e9alis\u00e9s (dessins, textes, mots) \u00e9pingl\u00e9s ou cousus sur le grand linge, seront par ces principes une allusion aux symboliques chemin des aiguilles et chemin des \u00e9pingles pr\u00e9sent dans plusieurs versions du conte du \u201cChaperon rouge\u201d. En fin d\u2019atelier, chaque participant pourra couper un \u00e9l\u00e9ment du linge, emportant un morceau de son histoire au Ch\u00e2teau, de ses mots ou de ses dessins ou d\u2019un de ceux de l\u2019artiste, cr\u00e9ant ainsi par atelier une quinzaine de \u201cfen\u00eatres\u201d dans le linge. Exemples &#8211; Dans la statuaire : le cerf de la grande salle basse de l\u2019aile Longueville &#8211; Dans les tapisseries : la couleur rouge y est tiss\u00e9e et occupe la forme de v\u00eatements, symbole de puissance et de richesse, donc de pouvoir mais aussi de mise en garde. Mo\u00efse, G\u00e9d\u00e9on, Herminie d\u2019Antioche ou encore Abraham la porte dans une configuration sylvestre. Le rouge est ainsi dans les bois et au ch\u00e2teau.[\/vc_wp_text][\/vc_column][vc_column width=\u00a0\u00bb1\/2&Prime;][vc_wp_text]\u2022 Installation sonore\u00a0 Les captations des ateliers men\u00e9s par la conteuse et le musicien seront mont\u00e9es pour une restitution commune, un enregistrement audio diffus\u00e9 au sein d\u2019un parcours de visite du Ch\u00e2teau.\u00a0 Les participants seront guid\u00e9s par la conteuse dans une \u201clecture\u201d et une appropriation du conte du \u201cChaperon rouge\u201d pour en extraire son essence, des mots, des textes, des chants d\u2019apr\u00e8s notamment des versions \u00e9trang\u00e8res du conte. La d\u00e9couverte de la pratique de l&rsquo;art du conte sera anim\u00e9e par le jeu th\u00e9\u00e2tral (\u00e9motions, gestion de l&rsquo;espace, interaction public) et le travail sur la musicalit\u00e9 des mots et des sons. Une ouverture au plurilinguisme par les diff\u00e9rentes versions du conte, la double culture de l\u2019artiste et les langues pratiqu\u00e9es au sein du groupe, incitera les participants \u00e0 raconter et chanter en utilisant diff\u00e9rentes langues (compr\u00e9hension, prononciation, musicalit\u00e9). Les ateliers de pratique musicale inviteront les participants \u00e0 construire des ambiances \u00e0 partir de textures sonores diff\u00e9rentes (percussions, idiophones, mat\u00e9riaux de r\u00e9cup\u00e9ration), tant\u00f4t m\u00e9lodiques sugg\u00e9rant \u00e9l\u00e9ments et environnements (cadres du r\u00e9cit : for\u00eat, village, animaux, vent\u2026), tant\u00f4t rythmiques pour retranscrire les \u00e9motions des personnages et l\u2019aspect dramatique des sc\u00e8nes.[\/vc_wp_text][\/vc_column][\/vc_row][vc_row][vc_column][vc_wp_text] Autres rendez-vous aux ch\u00e2teaux\u2026 [\/vc_wp_text][\/vc_column][\/vc_row][vc_row][vc_column width=\u00a0\u00bb1\/2&Prime;][vc_wp_text]EXPOSITIONS \u2022 \u00ab Rouge, le temps d\u2019une passion \u00bb exposition des installations de Martine Lafon et cr\u00e9ations des jeunes dans le cadre de \u00ab C\u2019est mon patrimoine ! \u00bb \/ du 27 novembre au 31 janvier 2021 \/ Ch\u00e2teau \/ CH\u00c2TEAUDUN \u2022 Visite comment\u00e9e de l&rsquo;exposition par Martine Lafon puis s\u00e9ance de d\u00e9dicace \/ 6 d\u00e9cembre \/ Ch\u00e2teau \/ CH\u00c2TEAUDUN \u2022 \u00ab \u00c9carlate et confusion \u00bb installations de Martine Lafon \u2022 du 31 octobre au 28 f\u00e9vrier 2021 \/ Ch\u00e2teau \/ FOUG\u00c8RES-SUR-BI\u00c8VRE \u2022 \u00ab Rouge gourmand \u00bb installations de Martine Lafon \/ du 4 d\u00e9cembre au 31 janvier 2021 \/ Ch\u00e2teau \/ TALCY[\/vc_wp_text][\/vc_column][vc_column width=\u00a0\u00bb1\/2&Prime;][vc_wp_text]SPECTACLES \u2022 \u00ab Contes \u00e0 la sauce italienne \u00bb visite cont\u00e9e avec Julia Alimasi \/ 22 et 26 d\u00e9cembre \/ Ch\u00e2teau de CH\u00c2TEAUDUN \u2022 \u00ab Contes \u00e0 la sauce italienne \u00bb visite cont\u00e9e avec Julia Alimasi \/ 21 et 27 d\u00e9cembre \/ Ch\u00e2teau de FOUG\u00c8RES-SUR-BI\u00c8VRE \u2022 \u00ab Contes \u00e0 la sauce italienne \u00bb visite et cont\u00e9e avec Julia Alimasi \/ 23 d\u00e9cembre \/ Ch\u00e2teau de TALCY[\/vc_wp_text][\/vc_column][\/vc_row][vc_row][vc_column][vc_wp_text][\/vc_wp_text][\/vc_column][\/vc_row][vc_row][vc_column][vc_separator color=\u00a0\u00bbcustom\u00a0\u00bb border_width=\u00a0\u00bb2&Prime; accent_color=\u00a0\u00bb#bababa\u00a0\u00bb][\/vc_column][\/vc_row][vc_row][vc_column][vc_wp_text][\/vc_wp_text][\/vc_column][\/vc_row][vc_row][vc_column][vc_text_separator title=\u00a0\u00bbARCHIVES EN IMAGES\u00a0\u00bb title_align=\u00a0\u00bbseparator_align_left\u00a0\u00bb color=\u00a0\u00bbblack\u00a0\u00bb border_width=\u00a0\u00bb10&Prime;][\/vc_column][\/vc_row][vc_row][vc_column][vc_column_text] Retours en images sur des ateliers pass\u00e9s dans le cadre du L\u00e9gendaire ! [\/vc_column_text][vc_basic_grid post_type=\u00a0\u00bbpost\u00a0\u00bb max_items=\u00a0\u00bb10&Prime; style=\u00a0\u00bbload-more\u00a0\u00bb grid_id=\u00a0\u00bbvc_gid:1626178535914-845dad4d-d8cb-5&Prime; taxonomies=\u00a0\u00bb15&Prime;][\/vc_column][\/vc_row]<\/p>\n","protected":false},"author":2,"featured_media":1372,"comment_status":"closed","ping_status":"closed","sticky":false,"template":"","format":"standard","meta":[],"categories":[29,10,39],"tags":[],"_links":{"self":[{"href":"https:\/\/lelegendaire.fr\/index.php\/wp-json\/wp\/v2\/posts\/2503"}],"collection":[{"href":"https:\/\/lelegendaire.fr\/index.php\/wp-json\/wp\/v2\/posts"}],"about":[{"href":"https:\/\/lelegendaire.fr\/index.php\/wp-json\/wp\/v2\/types\/post"}],"author":[{"embeddable":true,"href":"https:\/\/lelegendaire.fr\/index.php\/wp-json\/wp\/v2\/users\/2"}],"replies":[{"embeddable":true,"href":"https:\/\/lelegendaire.fr\/index.php\/wp-json\/wp\/v2\/comments?post=2503"}],"version-history":[{"count":3,"href":"https:\/\/lelegendaire.fr\/index.php\/wp-json\/wp\/v2\/posts\/2503\/revisions"}],"predecessor-version":[{"id":2950,"href":"https:\/\/lelegendaire.fr\/index.php\/wp-json\/wp\/v2\/posts\/2503\/revisions\/2950"}],"wp:featuredmedia":[{"embeddable":true,"href":"https:\/\/lelegendaire.fr\/index.php\/wp-json\/wp\/v2\/media\/1372"}],"wp:attachment":[{"href":"https:\/\/lelegendaire.fr\/index.php\/wp-json\/wp\/v2\/media?parent=2503"}],"wp:term":[{"taxonomy":"category","embeddable":true,"href":"https:\/\/lelegendaire.fr\/index.php\/wp-json\/wp\/v2\/categories?post=2503"},{"taxonomy":"post_tag","embeddable":true,"href":"https:\/\/lelegendaire.fr\/index.php\/wp-json\/wp\/v2\/tags?post=2503"}],"curies":[{"name":"wp","href":"https:\/\/api.w.org\/{rel}","templated":true}]}}