{"id":2901,"date":"2021-07-27T17:55:51","date_gmt":"2021-07-27T15:55:51","guid":{"rendered":"http:\/\/lelegendaire.fr\/?p=2901"},"modified":"2021-10-29T12:58:54","modified_gmt":"2021-10-29T10:58:54","slug":"le-crapaud-faiseur-de-pluie-contes-et-legendes-dasie-du-sud-est-francoise-diep","status":"publish","type":"post","link":"https:\/\/lelegendaire.fr\/index.php\/2021\/07\/27\/le-crapaud-faiseur-de-pluie-contes-et-legendes-dasie-du-sud-est-francoise-diep\/","title":{"rendered":"LE CRAPAUD FAISEUR DE PLUIE &#8211; Contes et l\u00e9gendes d\u2019Asie du Sud-Est &#8211; FRAN\u00c7OISE DIEP"},"content":{"rendered":"<p>[vc_row][vc_column width=\u00a0\u00bb1\/6&Prime;][vc_column_text]<\/p>\n<p style=\"text-align: center;\"><span style=\"color: #993366;\"><b>VENDREDI 29 OCTOBRE 2021<br \/>\n<\/b><\/span><span style=\"color: #993366;\"><b>19h00<br \/>\n<\/b><\/span><b><span style=\"font-weight: 400;\">dur\u00e9e 1h10<br \/>\n<\/span><\/b><span style=\"font-weight: 400;\">\u00e0 partir de 7 ans<\/span><span style=\"font-weight: 400;\"><br \/>\n<\/span><span style=\"font-weight: 400;\">gratuit<\/span><span style=\"font-weight: 400;\"><br \/>\n<\/span><span style=\"font-weight: 400;\">r\u00e9servation<br \/>\n02 37 62 83 32<br \/>\n<\/span><\/p>\n<p>[\/vc_column_text][\/vc_column][vc_column width=\u00a0\u00bb1\/6&Prime;][vc_column_text]<\/p>\n<p style=\"text-align: center;\"><span style=\"color: #993366;\"><b>VERNOUILLET<br \/>\n<\/b><\/span><span style=\"color: #993366;\"><b>Centre social La Passerelle<br \/>\n<\/b><a style=\"color: #993366;\" href=\"https:\/\/www.google.com\/maps\/place\/La+Passerelle\/@48.72587,1.334367,14z\/data=!4m9!1m2!2m1!1sCentre+social+La+Passerelle+10+rue+L%C3%A9o+Delibes+28500+vernouillet!3m5!1s0x47e1555b9330908f:0x81624af28ff4ec28!8m2!3d48.7173867!4d1.3654062!15sCkFDZW50cmUgc29jaWFsIExhIFBhc3NlcmVsbGUgMTAgcnVlIEzDqW8gRGVsaWJlcyAyODUwMCB2ZXJub3VpbGxldJIBEGNvcnBvcmF0ZV9vZmZpY2U\">10 rue L\u00e9o Delibes<\/a><\/span><\/p>\n<p>[\/vc_column_text][\/vc_column][vc_column width=\u00a0\u00bb1\/6&Prime;][vc_column_text]<\/p>\n<p style=\"text-align: center;\"><span style=\"color: #993366;\"><b>Fran\u00e7oise Diep<br \/>\n<\/b><\/span>conte<\/p>\n<p>[\/vc_column_text][\/vc_column][vc_column width=\u00a0\u00bb1\/2&Prime;][vc_column_text]<span style=\"color: #993366;\"><b><i>Le crapaud faiseur de pluie <span style=\"color: #333333;\">&#8211; contes et l\u00e9gendes d&rsquo;Asie du Sud-Est<\/span><\/i><\/b><br \/>\n<\/span>Au pays de l\u2019eau et du riz, o\u00f9 poss\u00e9der un buffle est le commencement de la fortune, on accueille l\u2019\u00e9tranger avec un sourire et une tasse de th\u00e9 vert parfum\u00e9, on respecte les g\u00e9nies et les anc\u00eatres, mais on se rebelle contre les puissants qui oppriment le peuple et on ose interpeller les dieux quand ils oublient les hommes ! \u00c7a s\u2019est pass\u00e9 il y a longtemps, du temps o\u00f9 une montagne reliait la terre au ciel, ce qui \u00e9tait commode pour transmettre une r\u00e9clamation\u2026[\/vc_column_text][\/vc_column][vc_column][vc_zigzag color=\u00a0\u00bbcustom\u00a0\u00bb custom_color=\u00a0\u00bb#a0005b\u00a0\u00bb][vc_wp_text][\/vc_wp_text][\/vc_column][\/vc_row][vc_row][vc_column][vc_wp_text]<b><\/b><span style=\"color: #993366;\"><b><a href=\"https:\/\/www.francoisediep.fr\/\" target=\"_blank\" rel=\"noopener noreferrer\"><span style=\"color: #993366;\">Fran\u00e7oise Diep<\/span><\/a><br \/>\n<\/b><\/span>On ne m\u2019a pas racont\u00e9 de contes pendant mon enfance. Par contre, je lisais tout ce qui me tombait sous l\u2019\u0153il : contes, romans et r\u00e9cits de voyage m\u2019ont ouvert le monde et aid\u00e9 \u00e0 me construire. J\u2019\u00e9coutais et j\u2019engrangeais aussi les r\u00e9cits de vie, les petits riens du quotidien et les grandes aventures dans lesquelles ceux qui l&rsquo;entouraient s\u2019\u00e9taient trouv\u00e9s plong\u00e9s parfois bien malgr\u00e9 eux\u2026<br \/>\nUne fois m\u00e8re, j\u2019ai d\u00e9couvert la litt\u00e9rature jeunesse. Devenue biblioth\u00e9caire, j\u2019ai retrouv\u00e9 les contes : pour transmettre ces \u00e9crits qui m\u2019avaient si bien nourrie, j\u2019ai suivi des formations \u00e0 l\u2019art du conte \u00e0 l&rsquo;\u00c2ge d\u2019Or de France.<br \/>\n1986 : nous arrivons \u00e0 Al\u00e8s en C\u00e9vennes au moment o\u00f9 Henri Gougaud y cr\u00e9e le festival Parole d\u2019Al\u00e8s. Chance ! Pendant deux ans, j\u2019y travaille et participe \u00e0 des projets d\u2019\u00e9criture, des collectes de m\u00e9moire, des spectacles\u2026 puis en 1990, je deviens conteuse professionnelle \u00e0 part enti\u00e8re.<br \/>\nC\u2019est le m\u00e9tier que je continue d\u2019exercer aujourd\u2019hui en France et ailleurs :<br \/>\nDans des structures pour la petite enfance.<br \/>\nDans des \u00e9coles, coll\u00e8ges et lyc\u00e9es.<br \/>\nDans des biblioth\u00e8ques, salons du livre<br \/>\nDans des salles de spectacle et pour des festivals en France m\u00e9tropolitaine et dans des DOM (Guyane Fran\u00e7aise, \u00eele de la R\u00e9union), en Europe (Espagne, Belgique, Suisse), en Afrique de l\u2019Ouest (Burkina Faso, Niger), au Qu\u00e9bec et au Moyen Orient (Liban, Syrie).<br \/>\nMes contes d&rsquo;aujourd&rsquo;hui se nourrissent de ces rencontres dont la diversit\u00e9 fait la richesse, et du terreau dans lequel j\u2019ai grandi.<br \/>\nPour partager ce que j\u2019ai re\u00e7u, j\u2019anime des formations au conte pour diff\u00e9rents organismes publics (Biblioth\u00e8ques D\u00e9partementales) ou associatifs (Centre m\u00e9diterran\u00e9en de Litt\u00e9rature Orale d\u2019Al\u00e8s, Maison de la Parole de Bobo Dioulasso au Burkina Faso\u2026) en France m\u00e9tropolitaine et ailleurs.<br \/>\nDepuis 2003 je travaille aussi avec des \u00e9diteurs (Lirabelle, Bayard Jeunesse, Didier Jeunesse, Flies France, Oui\u2019dire, Plan\u00e8te Rebelle) et j\u2019ai sorti des albums pour les tr\u00e8s jeunes enfants, des CD, ainsi que des contes collect\u00e9s au Burkina Faso avec le conteur burkinab\u00e8 Fran\u00e7ois Mo\u00efse Bamba et un documentaire sur les poti\u00e8res d\u2019un village de brousse.<br \/>\nJe suis aussi artiste partenaire pour le festival Yeleen du Burkina Faso, et pour le festival gardois Palabrages.<\/p>\n<p><b>\u00a0<\/b>[\/vc_wp_text][\/vc_column][\/vc_row]<\/p>\n","protected":false},"excerpt":{"rendered":"<p>[vc_row][vc_column width=\u00a0\u00bb1\/6&Prime;][vc_column_text] VENDREDI 29 OCTOBRE 2021 19h00 dur\u00e9e 1h10 \u00e0 partir de 7 ans gratuit r\u00e9servation 02 37 62 83 32 [\/vc_column_text][\/vc_column][vc_column width=\u00a0\u00bb1\/6&Prime;][vc_column_text] VERNOUILLET Centre social La Passerelle 10 rue L\u00e9o Delibes [\/vc_column_text][\/vc_column][vc_column width=\u00a0\u00bb1\/6&Prime;][vc_column_text] Fran\u00e7oise Diep conte [\/vc_column_text][\/vc_column][vc_column width=\u00a0\u00bb1\/2&Prime;][vc_column_text]Le crapaud faiseur de pluie &#8211; contes et l\u00e9gendes d&rsquo;Asie du Sud-Est Au pays de l\u2019eau et du riz, o\u00f9 poss\u00e9der un buffle est le commencement de la fortune, on accueille l\u2019\u00e9tranger avec un sourire et une tasse de th\u00e9 vert parfum\u00e9, on respecte les g\u00e9nies et les anc\u00eatres, mais on se rebelle contre les puissants qui oppriment le peuple et on ose interpeller les dieux quand ils oublient les hommes ! \u00c7a s\u2019est pass\u00e9 il y a longtemps, du temps o\u00f9 une montagne reliait la terre au ciel, ce qui \u00e9tait commode pour transmettre une r\u00e9clamation\u2026[\/vc_column_text][\/vc_column][vc_column][vc_zigzag color=\u00a0\u00bbcustom\u00a0\u00bb custom_color=\u00a0\u00bb#a0005b\u00a0\u00bb][vc_wp_text][\/vc_wp_text][\/vc_column][\/vc_row][vc_row][vc_column][vc_wp_text]Fran\u00e7oise Diep On ne m\u2019a pas racont\u00e9 de contes pendant mon enfance. Par contre, je lisais tout ce qui me tombait sous l\u2019\u0153il : contes, romans et r\u00e9cits de voyage m\u2019ont ouvert le monde et aid\u00e9 \u00e0 me construire. J\u2019\u00e9coutais et j\u2019engrangeais aussi les r\u00e9cits de vie, les petits riens du quotidien et les grandes aventures dans lesquelles ceux qui l&rsquo;entouraient s\u2019\u00e9taient trouv\u00e9s plong\u00e9s parfois bien malgr\u00e9 eux\u2026 Une fois m\u00e8re, j\u2019ai d\u00e9couvert la litt\u00e9rature jeunesse. Devenue biblioth\u00e9caire, j\u2019ai retrouv\u00e9 les contes : pour transmettre ces \u00e9crits qui m\u2019avaient si bien nourrie, j\u2019ai suivi des formations \u00e0 l\u2019art du conte \u00e0 l&rsquo;\u00c2ge d\u2019Or de France. 1986 : nous arrivons \u00e0 Al\u00e8s en C\u00e9vennes au moment o\u00f9 Henri Gougaud y cr\u00e9e le festival Parole d\u2019Al\u00e8s. Chance ! Pendant deux ans, j\u2019y travaille et participe \u00e0 des projets d\u2019\u00e9criture, des collectes de m\u00e9moire, des spectacles\u2026 puis en 1990, je deviens conteuse professionnelle \u00e0 part enti\u00e8re. C\u2019est le m\u00e9tier que je continue d\u2019exercer aujourd\u2019hui en France et ailleurs : Dans des structures pour la petite enfance. Dans des \u00e9coles, coll\u00e8ges et lyc\u00e9es. Dans des biblioth\u00e8ques, salons du livre Dans des salles de spectacle et pour des festivals en France m\u00e9tropolitaine et dans des DOM (Guyane Fran\u00e7aise, \u00eele de la R\u00e9union), en Europe (Espagne, Belgique, Suisse), en Afrique de l\u2019Ouest (Burkina Faso, Niger), au Qu\u00e9bec et au Moyen Orient (Liban, Syrie). Mes contes d&rsquo;aujourd&rsquo;hui se nourrissent de ces rencontres dont la diversit\u00e9 fait la richesse, et du terreau dans lequel j\u2019ai grandi. Pour partager ce que j\u2019ai re\u00e7u, j\u2019anime des formations au conte pour diff\u00e9rents organismes publics (Biblioth\u00e8ques D\u00e9partementales) ou associatifs (Centre m\u00e9diterran\u00e9en de Litt\u00e9rature Orale d\u2019Al\u00e8s, Maison de la Parole de Bobo Dioulasso au Burkina Faso\u2026) en France m\u00e9tropolitaine et ailleurs. Depuis 2003 je travaille aussi avec des \u00e9diteurs (Lirabelle, Bayard Jeunesse, Didier Jeunesse, Flies France, Oui\u2019dire, Plan\u00e8te Rebelle) et j\u2019ai sorti des albums pour les tr\u00e8s jeunes enfants, des CD, ainsi que des contes collect\u00e9s au Burkina Faso avec le conteur burkinab\u00e8 Fran\u00e7ois Mo\u00efse Bamba et un documentaire sur les poti\u00e8res d\u2019un village de brousse. Je suis aussi artiste partenaire pour le festival Yeleen du Burkina Faso, et pour le festival gardois Palabrages. \u00a0[\/vc_wp_text][\/vc_column][\/vc_row]<\/p>\n","protected":false},"author":2,"featured_media":2903,"comment_status":"open","ping_status":"open","sticky":false,"template":"","format":"standard","meta":[],"categories":[21],"tags":[],"_links":{"self":[{"href":"https:\/\/lelegendaire.fr\/index.php\/wp-json\/wp\/v2\/posts\/2901"}],"collection":[{"href":"https:\/\/lelegendaire.fr\/index.php\/wp-json\/wp\/v2\/posts"}],"about":[{"href":"https:\/\/lelegendaire.fr\/index.php\/wp-json\/wp\/v2\/types\/post"}],"author":[{"embeddable":true,"href":"https:\/\/lelegendaire.fr\/index.php\/wp-json\/wp\/v2\/users\/2"}],"replies":[{"embeddable":true,"href":"https:\/\/lelegendaire.fr\/index.php\/wp-json\/wp\/v2\/comments?post=2901"}],"version-history":[{"count":6,"href":"https:\/\/lelegendaire.fr\/index.php\/wp-json\/wp\/v2\/posts\/2901\/revisions"}],"predecessor-version":[{"id":3150,"href":"https:\/\/lelegendaire.fr\/index.php\/wp-json\/wp\/v2\/posts\/2901\/revisions\/3150"}],"wp:featuredmedia":[{"embeddable":true,"href":"https:\/\/lelegendaire.fr\/index.php\/wp-json\/wp\/v2\/media\/2903"}],"wp:attachment":[{"href":"https:\/\/lelegendaire.fr\/index.php\/wp-json\/wp\/v2\/media?parent=2901"}],"wp:term":[{"taxonomy":"category","embeddable":true,"href":"https:\/\/lelegendaire.fr\/index.php\/wp-json\/wp\/v2\/categories?post=2901"},{"taxonomy":"post_tag","embeddable":true,"href":"https:\/\/lelegendaire.fr\/index.php\/wp-json\/wp\/v2\/tags?post=2901"}],"curies":[{"name":"wp","href":"https:\/\/api.w.org\/{rel}","templated":true}]}}