{"id":2917,"date":"2021-09-26T16:39:32","date_gmt":"2021-09-26T14:39:32","guid":{"rendered":"http:\/\/lelegendaire.fr\/?p=2917"},"modified":"2021-10-28T19:50:19","modified_gmt":"2021-10-28T17:50:19","slug":"seances-scolaires-2021","status":"publish","type":"post","link":"https:\/\/lelegendaire.fr\/index.php\/2021\/09\/26\/seances-scolaires-2021\/","title":{"rendered":"S\u00e9ances scolaires &#8211; 2021"},"content":{"rendered":"<p>[vc_row][vc_column][vc_wp_text]<strong>Le festival convie les \u00e9l\u00e8ves de primaire, coll\u00e8ge et lyc\u00e9e \u00e0 vivre des aventures l\u00e9gendaires au contact des artistes invit\u00e9s.<\/strong>[\/vc_wp_text][\/vc_column][\/vc_row][vc_row][vc_column][vc_basic_grid post_type=\u00a0\u00bbpost\u00a0\u00bb max_items=\u00a0\u00bb10&Prime; style=\u00a0\u00bbload-more\u00a0\u00bb grid_id=\u00a0\u00bbvc_gid:1635439226943-7d601fb3-c815-7&Prime; taxonomies=\u00a0\u00bb14&Prime;][\/vc_column][\/vc_row]<\/p>\n","protected":false},"excerpt":{"rendered":"<p>[vc_row][vc_column][vc_wp_text]Le festival convie les \u00e9l\u00e8ves de primaire, coll\u00e8ge et lyc\u00e9e \u00e0 vivre des aventures l\u00e9gendaires au contact des artistes invit\u00e9s.[\/vc_wp_text][\/vc_column][\/vc_row][vc_row][vc_column][vc_basic_grid post_type=\u00a0\u00bbpost\u00a0\u00bb max_items=\u00a0\u00bb10&Prime; style=\u00a0\u00bbload-more\u00a0\u00bb grid_id=\u00a0\u00bbvc_gid:1635439226943-7d601fb3-c815-7&Prime; taxonomies=\u00a0\u00bb14&Prime;][\/vc_column][\/vc_row]<\/p>\n","protected":false},"author":2,"featured_media":3138,"comment_status":"closed","ping_status":"closed","sticky":false,"template":"","format":"standard","meta":[],"categories":[37,10],"tags":[],"_links":{"self":[{"href":"https:\/\/lelegendaire.fr\/index.php\/wp-json\/wp\/v2\/posts\/2917"}],"collection":[{"href":"https:\/\/lelegendaire.fr\/index.php\/wp-json\/wp\/v2\/posts"}],"about":[{"href":"https:\/\/lelegendaire.fr\/index.php\/wp-json\/wp\/v2\/types\/post"}],"author":[{"embeddable":true,"href":"https:\/\/lelegendaire.fr\/index.php\/wp-json\/wp\/v2\/users\/2"}],"replies":[{"embeddable":true,"href":"https:\/\/lelegendaire.fr\/index.php\/wp-json\/wp\/v2\/comments?post=2917"}],"version-history":[{"count":6,"href":"https:\/\/lelegendaire.fr\/index.php\/wp-json\/wp\/v2\/posts\/2917\/revisions"}],"predecessor-version":[{"id":3100,"href":"https:\/\/lelegendaire.fr\/index.php\/wp-json\/wp\/v2\/posts\/2917\/revisions\/3100"}],"wp:featuredmedia":[{"embeddable":true,"href":"https:\/\/lelegendaire.fr\/index.php\/wp-json\/wp\/v2\/media\/3138"}],"wp:attachment":[{"href":"https:\/\/lelegendaire.fr\/index.php\/wp-json\/wp\/v2\/media?parent=2917"}],"wp:term":[{"taxonomy":"category","embeddable":true,"href":"https:\/\/lelegendaire.fr\/index.php\/wp-json\/wp\/v2\/categories?post=2917"},{"taxonomy":"post_tag","embeddable":true,"href":"https:\/\/lelegendaire.fr\/index.php\/wp-json\/wp\/v2\/tags?post=2917"}],"curies":[{"name":"wp","href":"https:\/\/api.w.org\/{rel}","templated":true}]}}