{"id":3084,"date":"2021-10-28T19:35:14","date_gmt":"2021-10-28T17:35:14","guid":{"rendered":"http:\/\/lelegendaire.fr\/?p=3084"},"modified":"2021-10-28T19:41:54","modified_gmt":"2021-10-28T17:41:54","slug":"en-centre-daide-aux-demandeurs-dasile-aidaphi-de-chartres","status":"publish","type":"post","link":"https:\/\/lelegendaire.fr\/index.php\/2021\/10\/28\/en-centre-daide-aux-demandeurs-dasile-aidaphi-de-chartres\/","title":{"rendered":"en Centre d&rsquo;Accueil des Demandeurs d&rsquo;Asile &#8211; CADA \/ AIDAPHI de Chartres"},"content":{"rendered":"<p>[vc_row][vc_column][vc_empty_space][\/vc_column][\/vc_row][vc_row][vc_column width=\u00a0\u00bb1\/6&Prime;][vc_wp_text]<\/p>\n<p style=\"text-align: center;\"><span style=\"color: #993366;\"><strong>JEUDI 28 OCTOBRE 2021<\/strong><\/span><span style=\"color: #993366;\"><br \/>\n<span style=\"color: #000000;\">spectacle : 45 min<br \/>\n<\/span><\/span>atelier : 2h<\/p>\n<p>[\/vc_wp_text][\/vc_column][vc_column width=\u00a0\u00bb1\/6&Prime;][vc_wp_text]<\/p>\n<p style=\"text-align: center;\"><span style=\"color: #993366;\"><strong>CHARTRES<\/strong><\/span><br \/>\n<span style=\"color: #993366;\">CADA &#8211; AIDAPHI<\/span><\/p>\n<p>[\/vc_wp_text][\/vc_column][vc_column width=\u00a0\u00bb1\/6&Prime;][vc_wp_text]<\/p>\n<p style=\"text-align: center;\"><span style=\"color: #993366;\"><strong>Julia Alimasi<\/strong><\/span><br \/>\nspectacle<br \/>\net atelier<\/p>\n<p>[\/vc_wp_text][\/vc_column][vc_column width=\u00a0\u00bb1\/2&Prime;][vc_column_text]<span style=\"color: #993366;\"><b><em>Contes et Rencontre !<\/em>\u00a0<\/b>\u2013 atelier multi-culturel aupr\u00e8s des familles du CADA<\/span><br \/>\n\u00c0 l&rsquo;issue de la repr\u00e9sentation du floril\u00e8ge de contes interpr\u00e9t\u00e9s par la conteuse Julia Alimasi, l&rsquo;artiste m\u00e8ne un atelier ludique de pratique de la voix, du corps et du r\u00e9cit. Les petits et grands, r\u00e9sidents et animateurs sont invit\u00e9s \u00e0 ce moment de d\u00e9couverte, sans fronti\u00e8re\u2026 de joie et de l\u00e2cher-prise.<\/p>\n<p><span style=\"color: #993366;\">Julia Alimasi<\/span><br \/>\nArtiste d\u2019origine italienne, elle suit un parcours artistique et de vie o\u00f9 l\u2019interculturel est au c\u0153ur de sa recherche. Elle m\u00e8ne des projets artistiques pluridisciplinaires : les contes et le chant polyphonique, le th\u00e9\u00e2tre-danse, les masques et la musique, le th\u00e9\u00e2tre-forum. Elle porte un int\u00e9r\u00eat aux projets d\u00e9velopp\u00e9s en collectif, qui permettent une ouverture aux moyens d\u2019expressions propres \u00e0 chacun. Le conte en est une porte d\u2019entr\u00e9e car la parole notamment symbolique, intime, y est partag\u00e9e en interaction avec le public. Elle \u00e9tudie la pluralit\u00e9 des personnages dans les multiples versions des contes \u00e0 travers les \u00e9poques et les cultures.<br \/>\nEn parall\u00e8le de la sc\u00e8ne, elle est engag\u00e9e dans plusieurs projets p\u00e9dagogiques et de soci\u00e9t\u00e9 autant pour la petite enfance que pour les adultes ou les familles aupr\u00e8s desquels elle encourage l\u2019usage des langues maternelles (projets parents-enfants). La finalit\u00e9 de ses ateliers est de donner \u00e0 chacun des pistes pour \u00eatre autonome dans son d\u00e9veloppement avec la curiosit\u00e9 et la d\u00e9couverte comme moteurs.<br \/>\nJulia Alimasi a une formation artistique tr\u00e8s compl\u00e8te avec des artistes de renom : Philippe Caub\u00e8re pour le th\u00e9\u00e2tre, Hassane Kouyat\u00e9 pour le conte, Masato Matsuura pour le th\u00eaatre dans\u00e9-N\u00f4, Yumi Fujitami pour la danse Buto. Elle pratique aussi le chant et le masque chez ARTA. D\u2019origine italienne, elle aime accompagner sa parole d\u2019une gestuelle expressive\u00a0 et l\u2019enjoliver avec la musicalit\u00e9 de sa langue natale.[\/vc_column_text][\/vc_column][\/vc_row]<\/p>\n","protected":false},"excerpt":{"rendered":"<p>[vc_row][vc_column][vc_empty_space][\/vc_column][\/vc_row][vc_row][vc_column width=\u00a0\u00bb1\/6&Prime;][vc_wp_text] JEUDI 28 OCTOBRE 2021 spectacle : 45 min atelier : 2h [\/vc_wp_text][\/vc_column][vc_column width=\u00a0\u00bb1\/6&Prime;][vc_wp_text] CHARTRES CADA &#8211; AIDAPHI [\/vc_wp_text][\/vc_column][vc_column width=\u00a0\u00bb1\/6&Prime;][vc_wp_text] Julia Alimasi spectacle et atelier [\/vc_wp_text][\/vc_column][vc_column width=\u00a0\u00bb1\/2&Prime;][vc_column_text]Contes et Rencontre !\u00a0\u2013 atelier multi-culturel aupr\u00e8s des familles du CADA \u00c0 l&rsquo;issue de la repr\u00e9sentation du floril\u00e8ge de contes interpr\u00e9t\u00e9s par la conteuse Julia Alimasi, l&rsquo;artiste m\u00e8ne un atelier ludique de pratique de la voix, du corps et du r\u00e9cit. Les petits et grands, r\u00e9sidents et animateurs sont invit\u00e9s \u00e0 ce moment de d\u00e9couverte, sans fronti\u00e8re\u2026 de joie et de l\u00e2cher-prise. Julia Alimasi Artiste d\u2019origine italienne, elle suit un parcours artistique et de vie o\u00f9 l\u2019interculturel est au c\u0153ur de sa recherche. Elle m\u00e8ne des projets artistiques pluridisciplinaires : les contes et le chant polyphonique, le th\u00e9\u00e2tre-danse, les masques et la musique, le th\u00e9\u00e2tre-forum. Elle porte un int\u00e9r\u00eat aux projets d\u00e9velopp\u00e9s en collectif, qui permettent une ouverture aux moyens d\u2019expressions propres \u00e0 chacun. Le conte en est une porte d\u2019entr\u00e9e car la parole notamment symbolique, intime, y est partag\u00e9e en interaction avec le public. Elle \u00e9tudie la pluralit\u00e9 des personnages dans les multiples versions des contes \u00e0 travers les \u00e9poques et les cultures. En parall\u00e8le de la sc\u00e8ne, elle est engag\u00e9e dans plusieurs projets p\u00e9dagogiques et de soci\u00e9t\u00e9 autant pour la petite enfance que pour les adultes ou les familles aupr\u00e8s desquels elle encourage l\u2019usage des langues maternelles (projets parents-enfants). La finalit\u00e9 de ses ateliers est de donner \u00e0 chacun des pistes pour \u00eatre autonome dans son d\u00e9veloppement avec la curiosit\u00e9 et la d\u00e9couverte comme moteurs. Julia Alimasi a une formation artistique tr\u00e8s compl\u00e8te avec des artistes de renom : Philippe Caub\u00e8re pour le th\u00e9\u00e2tre, Hassane Kouyat\u00e9 pour le conte, Masato Matsuura pour le th\u00eaatre dans\u00e9-N\u00f4, Yumi Fujitami pour la danse Buto. Elle pratique aussi le chant et le masque chez ARTA. D\u2019origine italienne, elle aime accompagner sa parole d\u2019une gestuelle expressive\u00a0 et l\u2019enjoliver avec la musicalit\u00e9 de sa langue natale.[\/vc_column_text][\/vc_column][\/vc_row]<\/p>\n","protected":false},"author":1,"featured_media":0,"comment_status":"closed","ping_status":"closed","sticky":false,"template":"","format":"standard","meta":[],"categories":[40,10],"tags":[],"_links":{"self":[{"href":"https:\/\/lelegendaire.fr\/index.php\/wp-json\/wp\/v2\/posts\/3084"}],"collection":[{"href":"https:\/\/lelegendaire.fr\/index.php\/wp-json\/wp\/v2\/posts"}],"about":[{"href":"https:\/\/lelegendaire.fr\/index.php\/wp-json\/wp\/v2\/types\/post"}],"author":[{"embeddable":true,"href":"https:\/\/lelegendaire.fr\/index.php\/wp-json\/wp\/v2\/users\/1"}],"replies":[{"embeddable":true,"href":"https:\/\/lelegendaire.fr\/index.php\/wp-json\/wp\/v2\/comments?post=3084"}],"version-history":[{"count":2,"href":"https:\/\/lelegendaire.fr\/index.php\/wp-json\/wp\/v2\/posts\/3084\/revisions"}],"predecessor-version":[{"id":3133,"href":"https:\/\/lelegendaire.fr\/index.php\/wp-json\/wp\/v2\/posts\/3084\/revisions\/3133"}],"wp:attachment":[{"href":"https:\/\/lelegendaire.fr\/index.php\/wp-json\/wp\/v2\/media?parent=3084"}],"wp:term":[{"taxonomy":"category","embeddable":true,"href":"https:\/\/lelegendaire.fr\/index.php\/wp-json\/wp\/v2\/categories?post=3084"},{"taxonomy":"post_tag","embeddable":true,"href":"https:\/\/lelegendaire.fr\/index.php\/wp-json\/wp\/v2\/tags?post=3084"}],"curies":[{"name":"wp","href":"https:\/\/api.w.org\/{rel}","templated":true}]}}