{"id":3301,"date":"2022-09-19T12:01:49","date_gmt":"2022-09-19T10:01:49","guid":{"rendered":"http:\/\/lelegendaire.fr\/?p=3301"},"modified":"2023-07-11T19:08:18","modified_gmt":"2023-07-11T17:08:18","slug":"les-rencontres-du-legendaire-salon-du-livre-spectacles-joute-tables-rondes-conference-exposition-20-invites-2","status":"publish","type":"post","link":"https:\/\/lelegendaire.fr\/index.php\/2022\/09\/19\/les-rencontres-du-legendaire-salon-du-livre-spectacles-joute-tables-rondes-conference-exposition-20-invites-2\/","title":{"rendered":"\u00ab\u00a0LES RENCONTRES DU L\u00c9GENDAIRE\u00a0\u00bb Spectacles \u2022 Joute \u2022 Tables rondes \u2022 Conf\u00e9rence \u2022 Exposition"},"content":{"rendered":"<p>[vc_row][vc_column width=\u00a0\u00bb1\/4&Prime;][vc_column_text]<\/p>\n<p style=\"text-align: center;\"><span style=\"color: #993366;\"><b>SAMEDI 19 NOVEMBRE 2022<br \/>\n15h &gt; 22h30<br \/>\n<\/b><\/span><span style=\"color: #993366;\"><b>DIMANCHE 20 NOVEMBRE 2022<br \/>\n10h30 &gt; 18h<\/b><\/span><\/p>\n<p style=\"text-align: center;\"><span style=\"color: #993366;\"><b>ANET<br \/>\n<\/b><\/span><b><\/b><b><span style=\"color: #993366;\">&#8211; Le Dianetum &#8211;<br \/>\n<\/span><\/b><a href=\"https:\/\/www.google.com\/maps\/place\/Dianetum\/@48.8613946,1.4393324,17z\/data=!3m1!4b1!4m5!3m4!1s0x47e6ad8536518531:0xc4767bcbc5ef9b01!8m2!3d48.8613946!4d1.4415264\">Chemin des Cordeliers<\/a><\/p>\n<p>[\/vc_column_text][vc_btn title=\u00a0\u00bbPROGRAMME \/ pdf\u00a0\u00bb align=\u00a0\u00bbcenter\u00a0\u00bb link=\u00a0\u00bburl:http%3A%2F%2Flelegendaire.fr%2Fwp-content%2Fuploads%2F2022%2F09%2F2022-RencontresDuLegendaire-FESTIVAL-PROGRAMME.pdf|title:RENCONTRES|target:%20_blank|\u00a0\u00bb][\/vc_column][vc_column width=\u00a0\u00bb3\/4&Prime;][vc_column_text]<span style=\"color: #993366;\"><b><i>Les Rencontres du L\u00e9gendaire<\/i><\/b> <span style=\"color: #000000;\">&#8211; <\/span><\/span>temps fort du festival Le L\u00e9gendaire, rassemble des conteurs et auteurs autour de spectacles, de tables rondes et de sa riche librairie pour des temps de d\u00e9dicace et d\u2019\u00e9changes avec les invit\u00e9s.<\/p>\n<p><span style=\"color: #993366;\"><span class=\"Apple-converted-space\">AVEC <\/span><strong><span class=\"s1\">Leili Anvar <\/span><\/strong><span class=\"s1\">\u2022 <\/span><strong><span class=\"s1\">Jacqueline Kelen \u2022 Xavier P\u00e9ron \u2022 C\u00e9line Ripoll \u2022 Sabah Ramahni \u2022 Thierry Berlanda \u2022 Lorenza Garcia \u2022 Patrick Fischmann \u2022 Pascal Fauliot \u2022 \u00c9thel Balogh-Daroczy \u2022 Johanna Rebolledo \u2022 Martine Salmon \u2022 Jean-Jacques Barbette \u2022 \u00c9l\u00e9onore Vuarnesson \u2022 Julia Alimasi<\/span><\/strong><\/span><\/p>\n<p>Comme toutes les \u00e9pop\u00e9es et les l\u00e9gendes le clament depuis la nuit des temps, des h\u00e9ros &#8211; ordinaires et c\u00e9l\u00e8bres &#8211; doivent se lever pour r\u00e9sister \u00e0 la barbarie, au fanatisme, aux \u00e9go\u00efsmes aveugles et destructeurs.<span class=\"Apple-converted-space\"><br \/>\n<\/span>Cette th\u00e9matique \u201cR\u00e9sistances !\u201d sera d\u00e9clin\u00e9e tout au long de ce week-end convivial et familial : r\u00e9sistance des Peuples premiers pour d\u00e9fendre leurs patrimoines naturels et culturels, r\u00e9sistance des h\u00e9ro\u00efnes contre l\u2019oppression du patriarcat, r\u00e9sistance des artistes pour redonner go\u00fbt aux arts et \u00e0 la litt\u00e9rature et contrer les id\u00e9ologies dominantes.<\/p>\n<p class=\"p4\" style=\"text-align: center;\"><span style=\"color: #993366;\">\u00ab <em>La volont\u00e9, c\u2019est de ne pas \u00eatre d\u2019accord, de ne pas se soumettre, c \u2018est s\u2019opposer<\/em>. \u00bb Salman Rushdie<\/span><\/p>\n<p>[\/vc_column_text][\/vc_column][\/vc_row][vc_row][vc_column][vc_basic_grid post_type=\u00a0\u00bbpost\u00a0\u00bb max_items=\u00a0\u00bb10&Prime; style=\u00a0\u00bbpagination\u00a0\u00bb grid_id=\u00a0\u00bbvc_gid:1663605557946-a57e5a1f-3126-0&Prime; taxonomies=\u00a0\u00bb45&Prime;][\/vc_column][\/vc_row][vc_row][vc_column width=\u00a0\u00bb1\/2&Prime;][vc_single_image image=\u00a0\u00bb3303&Prime; img_size=\u00a0\u00bbfull\u00a0\u00bb alignment=\u00a0\u00bbcenter\u00a0\u00bb][vc_wp_text]<\/p>\n<p class=\"p1\" style=\"text-align: center;\">Accueil dans la limite des places disponibles et sous r\u00e9serve de modifications de programmation.<\/p>\n<p>[\/vc_wp_text][\/vc_column][vc_column width=\u00a0\u00bb1\/2&Prime;][vc_wp_text]<\/p>\n<p class=\"p2\"><span style=\"color: #993366;\"><strong><span class=\"s1\"><span class=\"Apple-converted-space\">\u00a0<\/span><\/span><span class=\"s2\">\u2022 Acc\u00e8s \u2022<br \/>\n<\/span><\/strong>Le Dianetum<\/span><span class=\"s1\"> :<br \/>\n<\/span>&#8211; <a href=\"https:\/\/www.google.com\/maps\/place\/Chem.+des+Cordeliers,+28260+Anet\/@48.8647609,1.4268,17z\/data=!3m1!4b1!4m5!3m4!1s0x47e6ad7917da98b3:0x34c57dc2e81770d9!8m2!3d48.8647574!4d1.4289887\">Chemin des Cordeliers 28260 Anet<\/a><br \/>\n&#8211; gares les plus proches : Houdan, Dreux<\/p>\n<p class=\"p3\"><span style=\"color: #993366;\"><strong><span class=\"s1\"><span class=\"Apple-converted-space\">\u00a0<\/span><\/span>\u2022 Tarifs \u2022<br \/>\n<\/strong><\/span><span style=\"color: #993366;\"><span class=\"s2\"><strong>Gratuit<\/strong> : <\/span>Spectacles le dimanche, Tables rondes, Conf\u00e9rence, acc\u00e8s Librairie, Exposition<\/span><br \/>\n<span class=\"s3\">&#8211; entr\u00e9e libre <\/span><span class=\"s4\">\u00e0 partir de 20 min avant la s\u00e9ance<br \/>\n<\/span><span class=\"s6\">&#8211; sans r\u00e9servation<br \/>\n<\/span><span style=\"color: #993366;\"><strong><span class=\"s2\">Payant<\/span>\u00a0<\/strong>: Spectacle <span class=\"s1\">\u00ab<\/span>Shipapu\u00bb<\/span><br \/>\n&#8211; 18\u2006<span class=\"s7\"><b>\u20ac<\/b><\/span> \u2022 abonn\u00e9s 15\u2006<span class=\"s7\"><b>\u20ac<\/b><\/span> \u2022 r\u00e9duit 10\u2006<span class=\"s7\"><b>\u20ac<br \/>\n<\/b><\/span>&#8211; places num\u00e9rot\u00e9es<br \/>\n<span class=\"s6\">&#8211; tarif r\u00e9duit sur justificatif <\/span><span class=\"s8\">: <\/span>moins de 18 ans, \u00e9tudiants \/ pi\u00e8ce d\u2019identit\u00e9 demand\u00e9e<br \/>\n<span class=\"s6\">&#8211; tarif abonnement : <\/span><span class=\"s4\">\u00e0 partir de 3 spectacles diff\u00e9rents sur la saison 22\/23 du Dianetum<br \/>\n<\/span><span class=\"s6\">&#8211; billetterie : <\/span>www.dianetum.fr \/ ouverture : lundis + vendredis de 14h30 \u00e0 16h30 + mercredis de 9h30 \u00e0 11h30<br \/>\n<span class=\"s8\">&gt; par mail :<\/span> dianetum.billetterie@gmail.com \/ <span class=\"s4\">r\u00e9servation \u00e0 r\u00e9gler sous huitaine par ch\u00e8que ou au Dianetum<br \/>\n<\/span><span class=\"s9\">&gt; par Ticketmaster <\/span><span class=\"s4\">(tarifs plein et r\u00e9duit + frais) : www.ticketmaster.fr<span class=\"Apple-converted-space\">\u00a0 <\/span>ou<span class=\"Apple-converted-space\">\u00a0 <\/span>0892 390 100 (0,34 <\/span><span class=\"s10\">\u20ac<\/span><span class=\"s4\"> TTC \/ minute)<\/span><\/p>\n<p class=\"p9\"><strong><span style=\"color: #993366;\"><span class=\"s1\"><span class=\"Apple-converted-space\">\u00a0<\/span><\/span><span class=\"s2\">\u2022 Visiter Anet \u2022<br \/>\n<\/span><\/span><\/strong><a href=\"https:\/\/www.chateau-d-anet.com\/\">Ch\u00e2teau<\/a><br \/>\n<a href=\"https:\/\/cir-anet.fr\/\">Centre d\u2019Interpr\u00e9tation de la Renaissance (CIR)<\/a><\/p>\n<p>[\/vc_wp_text][\/vc_column][\/vc_row]<\/p>\n","protected":false},"excerpt":{"rendered":"<p>[vc_row][vc_column width=\u00a0\u00bb1\/4&Prime;][vc_column_text] SAMEDI 19 NOVEMBRE 2022 15h &gt; 22h30 DIMANCHE 20 NOVEMBRE 2022 10h30 &gt; 18h ANET &#8211; Le Dianetum &#8211; Chemin des Cordeliers [\/vc_column_text][vc_btn title=\u00a0\u00bbPROGRAMME \/ pdf\u00a0\u00bb align=\u00a0\u00bbcenter\u00a0\u00bb link=\u00a0\u00bburl:http%3A%2F%2Flelegendaire.fr%2Fwp-content%2Fuploads%2F2022%2F09%2F2022-RencontresDuLegendaire-FESTIVAL-PROGRAMME.pdf|title:RENCONTRES|target:%20_blank|\u00a0\u00bb][\/vc_column][vc_column width=\u00a0\u00bb3\/4&Prime;][vc_column_text]Les Rencontres du L\u00e9gendaire &#8211; temps fort du festival Le L\u00e9gendaire, rassemble des conteurs et auteurs autour de spectacles, de tables rondes et de sa riche librairie pour des temps de d\u00e9dicace et d\u2019\u00e9changes avec les invit\u00e9s. AVEC Leili Anvar \u2022 Jacqueline Kelen \u2022 Xavier P\u00e9ron \u2022 C\u00e9line Ripoll \u2022 Sabah Ramahni \u2022 Thierry Berlanda \u2022 Lorenza Garcia \u2022 Patrick Fischmann \u2022 Pascal Fauliot \u2022 \u00c9thel Balogh-Daroczy \u2022 Johanna Rebolledo \u2022 Martine Salmon \u2022 Jean-Jacques Barbette \u2022 \u00c9l\u00e9onore Vuarnesson \u2022 Julia Alimasi Comme toutes les \u00e9pop\u00e9es et les l\u00e9gendes le clament depuis la nuit des temps, des h\u00e9ros &#8211; ordinaires et c\u00e9l\u00e8bres &#8211; doivent se lever pour r\u00e9sister \u00e0 la barbarie, au fanatisme, aux \u00e9go\u00efsmes aveugles et destructeurs. Cette th\u00e9matique \u201cR\u00e9sistances !\u201d sera d\u00e9clin\u00e9e tout au long de ce week-end convivial et familial : r\u00e9sistance des Peuples premiers pour d\u00e9fendre leurs patrimoines naturels et culturels, r\u00e9sistance des h\u00e9ro\u00efnes contre l\u2019oppression du patriarcat, r\u00e9sistance des artistes pour redonner go\u00fbt aux arts et \u00e0 la litt\u00e9rature et contrer les id\u00e9ologies dominantes. \u00ab La volont\u00e9, c\u2019est de ne pas \u00eatre d\u2019accord, de ne pas se soumettre, c \u2018est s\u2019opposer. \u00bb Salman Rushdie [\/vc_column_text][\/vc_column][\/vc_row][vc_row][vc_column][vc_basic_grid post_type=\u00a0\u00bbpost\u00a0\u00bb max_items=\u00a0\u00bb10&Prime; style=\u00a0\u00bbpagination\u00a0\u00bb grid_id=\u00a0\u00bbvc_gid:1663605557946-a57e5a1f-3126-0&Prime; taxonomies=\u00a0\u00bb45&Prime;][\/vc_column][\/vc_row][vc_row][vc_column width=\u00a0\u00bb1\/2&Prime;][vc_single_image image=\u00a0\u00bb3303&Prime; img_size=\u00a0\u00bbfull\u00a0\u00bb alignment=\u00a0\u00bbcenter\u00a0\u00bb][vc_wp_text] Accueil dans la limite des places disponibles et sous r\u00e9serve de modifications de programmation. [\/vc_wp_text][\/vc_column][vc_column width=\u00a0\u00bb1\/2&Prime;][vc_wp_text] \u00a0\u2022 Acc\u00e8s \u2022 Le Dianetum : &#8211; Chemin des Cordeliers 28260 Anet &#8211; gares les plus proches : Houdan, Dreux \u00a0\u2022 Tarifs \u2022 Gratuit : Spectacles le dimanche, Tables rondes, Conf\u00e9rence, acc\u00e8s Librairie, Exposition &#8211; entr\u00e9e libre \u00e0 partir de 20 min avant la s\u00e9ance &#8211; sans r\u00e9servation Payant\u00a0: Spectacle \u00abShipapu\u00bb &#8211; 18\u2006\u20ac \u2022 abonn\u00e9s 15\u2006\u20ac \u2022 r\u00e9duit 10\u2006\u20ac &#8211; places num\u00e9rot\u00e9es &#8211; tarif r\u00e9duit sur justificatif : moins de 18 ans, \u00e9tudiants \/ pi\u00e8ce d\u2019identit\u00e9 demand\u00e9e &#8211; tarif abonnement : \u00e0 partir de 3 spectacles diff\u00e9rents sur la saison 22\/23 du Dianetum &#8211; billetterie : www.dianetum.fr \/ ouverture : lundis + vendredis de 14h30 \u00e0 16h30 + mercredis de 9h30 \u00e0 11h30 &gt; par mail : dianetum.billetterie@gmail.com \/ r\u00e9servation \u00e0 r\u00e9gler sous huitaine par ch\u00e8que ou au Dianetum &gt; par Ticketmaster (tarifs plein et r\u00e9duit + frais) : www.ticketmaster.fr\u00a0 ou\u00a0 0892 390 100 (0,34 \u20ac TTC \/ minute) \u00a0\u2022 Visiter Anet \u2022 Ch\u00e2teau Centre d\u2019Interpr\u00e9tation de la Renaissance (CIR) [\/vc_wp_text][\/vc_column][\/vc_row]<\/p>\n","protected":false},"author":1,"featured_media":3401,"comment_status":"open","ping_status":"open","sticky":false,"template":"","format":"standard","meta":[],"categories":[41],"tags":[],"_links":{"self":[{"href":"https:\/\/lelegendaire.fr\/index.php\/wp-json\/wp\/v2\/posts\/3301"}],"collection":[{"href":"https:\/\/lelegendaire.fr\/index.php\/wp-json\/wp\/v2\/posts"}],"about":[{"href":"https:\/\/lelegendaire.fr\/index.php\/wp-json\/wp\/v2\/types\/post"}],"author":[{"embeddable":true,"href":"https:\/\/lelegendaire.fr\/index.php\/wp-json\/wp\/v2\/users\/1"}],"replies":[{"embeddable":true,"href":"https:\/\/lelegendaire.fr\/index.php\/wp-json\/wp\/v2\/comments?post=3301"}],"version-history":[{"count":18,"href":"https:\/\/lelegendaire.fr\/index.php\/wp-json\/wp\/v2\/posts\/3301\/revisions"}],"predecessor-version":[{"id":3442,"href":"https:\/\/lelegendaire.fr\/index.php\/wp-json\/wp\/v2\/posts\/3301\/revisions\/3442"}],"wp:featuredmedia":[{"embeddable":true,"href":"https:\/\/lelegendaire.fr\/index.php\/wp-json\/wp\/v2\/media\/3401"}],"wp:attachment":[{"href":"https:\/\/lelegendaire.fr\/index.php\/wp-json\/wp\/v2\/media?parent=3301"}],"wp:term":[{"taxonomy":"category","embeddable":true,"href":"https:\/\/lelegendaire.fr\/index.php\/wp-json\/wp\/v2\/categories?post=3301"},{"taxonomy":"post_tag","embeddable":true,"href":"https:\/\/lelegendaire.fr\/index.php\/wp-json\/wp\/v2\/tags?post=3301"}],"curies":[{"name":"wp","href":"https:\/\/api.w.org\/{rel}","templated":true}]}}