{"id":3679,"date":"2023-07-29T15:52:53","date_gmt":"2023-07-29T13:52:53","guid":{"rendered":"http:\/\/lelegendaire.fr\/?p=3679"},"modified":"2023-07-29T15:52:53","modified_gmt":"2023-07-29T13:52:53","slug":"jack-o-lantern-legendes-musicales-de-la-samhain-alias-halloween-berengere-charbonnier-2","status":"publish","type":"post","link":"https:\/\/lelegendaire.fr\/index.php\/2023\/07\/29\/jack-o-lantern-legendes-musicales-de-la-samhain-alias-halloween-berengere-charbonnier-2\/","title":{"rendered":"JACK O LANTERN &#8211; L\u00e9gendes musicales de la Samhain alias Halloween &#8211; B\u00c9RENG\u00c8RE CHARBONNIER"},"content":{"rendered":"<p>[vc_row][vc_column width=\u00a0\u00bb1\/6&Prime;][vc_column_text]<\/p>\n<p style=\"text-align: center;\"><span style=\"color: #993366;\"><b>DIMANCHE 29 OCTOBRE 2023<br \/>\n15h00<br \/>\n<\/b><\/span><b><span style=\"font-weight: 400;\">\u00e0 partir de 6 ans<br \/>\n<\/span><\/b><span style=\"font-weight: 400;\">dur\u00e9e 1h00<\/span><span style=\"font-weight: 400;\"><br \/>\n<\/span>5\u20ac \/ 3\u20ac r\u00e9duit \/ 2\u20ac \u00e0 partir de 6 ans<br \/>\nr\u00e9servations<br \/>\n02 37 84 15 00<\/p>\n<p>[\/vc_column_text][\/vc_column][vc_column width=\u00a0\u00bb1\/6&Prime;][vc_column_text]<\/p>\n<p style=\"text-align: center;\"><span style=\"color: #993366;\"><b>CHARTRES<br \/>\n<\/b><\/span><b><span style=\"color: #993366;\">Mus\u00e9e Le Compa<\/span><br \/>\n<\/b><a href=\"https:\/\/goo.gl\/maps\/Emh3pEHofTSXbqF16\"><span style=\"color: #000000;\">Pont de Mainvilliers<\/span><\/a><\/p>\n<p>[\/vc_column_text][\/vc_column][vc_column width=\u00a0\u00bb1\/6&Prime;][vc_column_text]<\/p>\n<p style=\"text-align: center;\"><strong><span style=\"color: #993366;\"><b>B\u00e9reng\u00e8re Charbonnier<br \/>\n<\/b>alias<b> Merline l\u2019Enchanteuse<\/b><\/span><\/strong><br \/>\nconte<br \/>\nguitare<br \/>\ncithare<br \/>\nvioloncelle<br \/>\nchant<\/p>\n<p>[\/vc_column_text][\/vc_column][vc_column width=\u00a0\u00bb1\/2&Prime;][vc_column_text]<span style=\"font-weight: 400;\"><span style=\"color: #993366;\"><b>Jack O Lantern<\/b> <em><strong>&#8211; L\u00e9gendes musicales de la Samhain alias Halloween<\/strong><\/em><\/span><\/span><\/p>\n<p>Jack n\u2019a peur de rien, ni de la mort, ni des monstres, ni des sorci\u00e8res, ni des masques, encore moins du diable. C\u2019est \u00e0 travers la l\u00e9gende de Jack O Lantern et d\u2019autres contes musicaux de Jacks intr\u00e9pides que Merline l\u2019Enchanteuse vous emm\u00e8ne sur un rythme d\u2019enfer, f\u00eater la Samhain, alias Halloween o\u00f9, dans la tradition celtique, commence le Nouvel An, le temps de la germination et des veill\u00e9es de contes. C\u2019est aussi la nuit magique par excellence o\u00f9 s\u2019ouvre un portail avec l\u2019Autre Monde des morts, des \u00eatres surnaturels, f\u00e9\u00e9riques ou monstrueux.<br \/>\nUne ribambelle de ritournelles enchanteresses et une bonne dose d\u2019humour permettent de franchir ce passage impressionnant avec l\u00e9g\u00e8ret\u00e9.<\/p>\n<p><span style=\"color: #993366;\"><em><strong>&gt; \u00c0 l\u2019issue du spectacle, un go\u00fbter aux couleurs d\u2019Halloween sera offert par le Compa.<\/strong><\/em><\/span>[\/vc_column_text][\/vc_column][\/vc_row][vc_row][vc_column][vc_zigzag color=\u00a0\u00bbcustom\u00a0\u00bb custom_color=\u00a0\u00bb#a0005b\u00a0\u00bb][\/vc_column][\/vc_row][vc_row][vc_column][vc_wp_text]<b><span style=\"color: #993366;\"><a href=\"https:\/\/merlineconteuse.wixsite.com\/merline\">B\u00e9reng\u00e8re Charbonnier<\/a> <em>a<\/em><\/span><\/b><span style=\"color: #993366;\"><em><strong>lias merline l&rsquo;Enchanteuse<\/strong><\/em><span style=\"color: #000000;\">,<br \/>\n<\/span><\/span>est une musicienne chanteuse et conteuse, une troba\u00efritz des temps modernes, bardesse, trouveresse. Au chant et aux instruments, elle est autodidacte. Elle accompagne la parole cont\u00e9e et chant\u00e9e, principalement aux instruments \u00e0 cordes (guitare, basse, violoncelle, cithare). Elle a \u00e9t\u00e9 la bassiste du groupe les \u00ab\u00a0num\u00e9ro 6\u00a0\u00bb groupe pop funk de compositions, \u00e0 textes. Enseignante de formation, elle a fait ses classes principalement en maternelle. B\u00e9reng\u00e8re Charbonnier, conteuse est accompagn\u00e9e sur la route des contes par Catherine Zarcate, P\u00e9pito Mateo, Michel Hindenoch, Pascal Fauliot, Olivier H\u00e9din, Myriam Pellicane, Jihad Darwich, Catherine Lavelle, H\u00e9l\u00e8ne Loup, Martine Mangeon et Ariel Thi\u00e9baut, ainsi que tous ceux qu&rsquo;elle ne nomme pas. Accompagn\u00e9e aussi par<a href=\"https:\/\/www.centre-mandapa.fr\/contes-dhiver\"> les collectifs<\/a> parisiens<a href=\"https:\/\/conteursencompagnie.jimdofree.com\"> Conteurs en compagnie<\/a><a href=\"https:\/\/www.centre-mandapa.fr\/contes-dhiver\"> et<\/a><a href=\"https:\/\/histoiresetcie.jimdofree.com\"> Histoires &amp; Cie<\/a>, sans oublier en Lorraine le dispositif d&rsquo;aide \u00e0 la cr\u00e9ation<a href=\"http:\/\/nittachowa.blogspot.com\/p\/au-bout-du-conte.html\"> Au bout du conte-Nittachowa<\/a>\u00a0 et la r\u00e9gion Grand&rsquo;Est et les nombreuses r\u00e9sidences au<a href=\"http:\/\/legueulard.fr\/web\/\"> Gueulard Caf\u00e9<\/a>. Milena Salvini l&#8217;emm\u00e8ne sur le pont du festival off d&rsquo;Avignon 2021 et lui permet de pr\u00e9senter ses spectacles au centre Mandapa pour la saison 2021\/2022. Pascal Fauliot de la Cie Hamsa lui montre le chemin, lui fait et lui donne confiance et programme Jack O Lantern et Jack et le Haricot Magique au Festival du L\u00e9gendaire en octobre 2022.<\/p>\n<p><b>\u00a0<\/b>[\/vc_wp_text][\/vc_column][\/vc_row]<\/p>\n","protected":false},"excerpt":{"rendered":"<p>[vc_row][vc_column width=\u00a0\u00bb1\/6&Prime;][vc_column_text] DIMANCHE 29 OCTOBRE 2023 15h00 \u00e0 partir de 6 ans dur\u00e9e 1h00 5\u20ac \/ 3\u20ac r\u00e9duit \/ 2\u20ac \u00e0 partir de 6 ans r\u00e9servations 02 37 84 15 00 [\/vc_column_text][\/vc_column][vc_column width=\u00a0\u00bb1\/6&Prime;][vc_column_text] CHARTRES Mus\u00e9e Le Compa Pont de Mainvilliers [\/vc_column_text][\/vc_column][vc_column width=\u00a0\u00bb1\/6&Prime;][vc_column_text] B\u00e9reng\u00e8re Charbonnier alias Merline l\u2019Enchanteuse conte guitare cithare violoncelle chant [\/vc_column_text][\/vc_column][vc_column width=\u00a0\u00bb1\/2&Prime;][vc_column_text]Jack O Lantern &#8211; L\u00e9gendes musicales de la Samhain alias Halloween Jack n\u2019a peur de rien, ni de la mort, ni des monstres, ni des sorci\u00e8res, ni des masques, encore moins du diable. C\u2019est \u00e0 travers la l\u00e9gende de Jack O Lantern et d\u2019autres contes musicaux de Jacks intr\u00e9pides que Merline l\u2019Enchanteuse vous emm\u00e8ne sur un rythme d\u2019enfer, f\u00eater la Samhain, alias Halloween o\u00f9, dans la tradition celtique, commence le Nouvel An, le temps de la germination et des veill\u00e9es de contes. C\u2019est aussi la nuit magique par excellence o\u00f9 s\u2019ouvre un portail avec l\u2019Autre Monde des morts, des \u00eatres surnaturels, f\u00e9\u00e9riques ou monstrueux. Une ribambelle de ritournelles enchanteresses et une bonne dose d\u2019humour permettent de franchir ce passage impressionnant avec l\u00e9g\u00e8ret\u00e9. &gt; \u00c0 l\u2019issue du spectacle, un go\u00fbter aux couleurs d\u2019Halloween sera offert par le Compa.[\/vc_column_text][\/vc_column][\/vc_row][vc_row][vc_column][vc_zigzag color=\u00a0\u00bbcustom\u00a0\u00bb custom_color=\u00a0\u00bb#a0005b\u00a0\u00bb][\/vc_column][\/vc_row][vc_row][vc_column][vc_wp_text]B\u00e9reng\u00e8re Charbonnier alias merline l&rsquo;Enchanteuse, est une musicienne chanteuse et conteuse, une troba\u00efritz des temps modernes, bardesse, trouveresse. Au chant et aux instruments, elle est autodidacte. Elle accompagne la parole cont\u00e9e et chant\u00e9e, principalement aux instruments \u00e0 cordes (guitare, basse, violoncelle, cithare). Elle a \u00e9t\u00e9 la bassiste du groupe les \u00ab\u00a0num\u00e9ro 6\u00a0\u00bb groupe pop funk de compositions, \u00e0 textes. Enseignante de formation, elle a fait ses classes principalement en maternelle. B\u00e9reng\u00e8re Charbonnier, conteuse est accompagn\u00e9e sur la route des contes par Catherine Zarcate, P\u00e9pito Mateo, Michel Hindenoch, Pascal Fauliot, Olivier H\u00e9din, Myriam Pellicane, Jihad Darwich, Catherine Lavelle, H\u00e9l\u00e8ne Loup, Martine Mangeon et Ariel Thi\u00e9baut, ainsi que tous ceux qu&rsquo;elle ne nomme pas. Accompagn\u00e9e aussi par les collectifs parisiens Conteurs en compagnie et Histoires &amp; Cie, sans oublier en Lorraine le dispositif d&rsquo;aide \u00e0 la cr\u00e9ation Au bout du conte-Nittachowa\u00a0 et la r\u00e9gion Grand&rsquo;Est et les nombreuses r\u00e9sidences au Gueulard Caf\u00e9. Milena Salvini l&#8217;emm\u00e8ne sur le pont du festival off d&rsquo;Avignon 2021 et lui permet de pr\u00e9senter ses spectacles au centre Mandapa pour la saison 2021\/2022. Pascal Fauliot de la Cie Hamsa lui montre le chemin, lui fait et lui donne confiance et programme Jack O Lantern et Jack et le Haricot Magique au Festival du L\u00e9gendaire en octobre 2022. \u00a0[\/vc_wp_text][\/vc_column][\/vc_row]<\/p>\n","protected":false},"author":2,"featured_media":3341,"comment_status":"open","ping_status":"open","sticky":false,"template":"","format":"standard","meta":[],"categories":[50],"tags":[],"_links":{"self":[{"href":"https:\/\/lelegendaire.fr\/index.php\/wp-json\/wp\/v2\/posts\/3679"}],"collection":[{"href":"https:\/\/lelegendaire.fr\/index.php\/wp-json\/wp\/v2\/posts"}],"about":[{"href":"https:\/\/lelegendaire.fr\/index.php\/wp-json\/wp\/v2\/types\/post"}],"author":[{"embeddable":true,"href":"https:\/\/lelegendaire.fr\/index.php\/wp-json\/wp\/v2\/users\/2"}],"replies":[{"embeddable":true,"href":"https:\/\/lelegendaire.fr\/index.php\/wp-json\/wp\/v2\/comments?post=3679"}],"version-history":[{"count":2,"href":"https:\/\/lelegendaire.fr\/index.php\/wp-json\/wp\/v2\/posts\/3679\/revisions"}],"predecessor-version":[{"id":3681,"href":"https:\/\/lelegendaire.fr\/index.php\/wp-json\/wp\/v2\/posts\/3679\/revisions\/3681"}],"wp:featuredmedia":[{"embeddable":true,"href":"https:\/\/lelegendaire.fr\/index.php\/wp-json\/wp\/v2\/media\/3341"}],"wp:attachment":[{"href":"https:\/\/lelegendaire.fr\/index.php\/wp-json\/wp\/v2\/media?parent=3679"}],"wp:term":[{"taxonomy":"category","embeddable":true,"href":"https:\/\/lelegendaire.fr\/index.php\/wp-json\/wp\/v2\/categories?post=3679"},{"taxonomy":"post_tag","embeddable":true,"href":"https:\/\/lelegendaire.fr\/index.php\/wp-json\/wp\/v2\/tags?post=3679"}],"curies":[{"name":"wp","href":"https:\/\/api.w.org\/{rel}","templated":true}]}}