{"id":3771,"date":"2023-09-28T18:49:49","date_gmt":"2023-09-28T16:49:49","guid":{"rendered":"http:\/\/lelegendaire.fr\/?p=3771"},"modified":"2023-09-28T18:55:07","modified_gmt":"2023-09-28T16:55:07","slug":"1-conference-2","status":"publish","type":"post","link":"https:\/\/lelegendaire.fr\/index.php\/2023\/09\/28\/1-conference-2\/","title":{"rendered":"1 CONF\u00c9RENCE CONT\u00c9E"},"content":{"rendered":"<p>[vc_row][vc_column width=\u00a0\u00bb3\/4&Prime;][vc_column_text]<strong><span style=\"color: #993366;\">\u00ab\u00a0<em>L\u2019autre monde dans les l\u00e9gendes celtiques et arthuriennes<\/em>\u00ab\u00a0<\/span><\/strong><br \/>\n<span style=\"color: #993366;\">avec <strong>Claudine Glot<\/strong> (fondatrice du Centre de l\u2019Imaginaire Arthurien en Broc\u00e9liande)<\/span><\/p>\n<p>L\u2019interconnexion entre l\u2019Ici et l\u2019Au-del\u00e0 est un th\u00e8me essentiel de l\u2019antique imaginaire celtique qui se perp\u00e9tue jusque dans les romans m\u00e9di\u00e9vaux de la Table Ronde o\u00f9 le passage d\u2019un monde \u00e0 l\u2019autre est fr\u00e9quent avec l\u2019intervention d\u2019\u00eatres surnaturels : f\u00e9es, g\u00e9ants, nains, dragons&#8230;[\/vc_column_text][\/vc_column][vc_column width=\u00a0\u00bb1\/4&Prime;][vc_column_text]<\/p>\n<p style=\"text-align: center;\"><span style=\"color: #993366;\"><strong>DIMANCHE 19 NOVEMBRE 2023<\/strong><\/span><br \/>\n<span style=\"color: #993366;\"><strong>10h30 &gt; 11h30<br \/>\n<\/strong>suivie d&rsquo;un temps de d\u00e9dicace<br \/>\n<\/span><span style=\"color: #993366;\">sur la librairie du <em>L\u00e9gendaire<\/em><strong><br \/>\n<\/strong><\/span>gratuit<\/p>\n<p style=\"text-align: center;\"><strong>LUISANT<\/strong><br \/>\n<strong>Salle du conseil \u2013 Mairie<\/strong><br \/>\nCours Charles Brune<br \/>\n<a href=\"https:\/\/www.google.com\/maps\/place\/Salle+des+F%C3%AAtes\/@48.4299361,1.4714931,17z\/data=!3m1!4b1!4m6!3m5!1s0x47e40c602e6d13dd:0xb183f6625c0a0de7!8m2!3d48.4299361!4d1.474068!16s%2Fg%2F11btmc8md6?entry=ttu\">&gt; carte<\/a><\/p>\n<p>[\/vc_column_text][\/vc_column][\/vc_row][vc_row][vc_column][vc_separator color=\u00a0\u00bbcustom\u00a0\u00bb border_width=\u00a0\u00bb2&Prime; accent_color=\u00a0\u00bb#c91e5d\u00a0\u00bb][\/vc_column][\/vc_row]<\/p>\n","protected":false},"excerpt":{"rendered":"<p>[vc_row][vc_column width=\u00a0\u00bb3\/4&Prime;][vc_column_text]\u00ab\u00a0L\u2019autre monde dans les l\u00e9gendes celtiques et arthuriennes\u00ab\u00a0 avec Claudine Glot (fondatrice du Centre de l\u2019Imaginaire Arthurien en Broc\u00e9liande) L\u2019interconnexion entre l\u2019Ici et l\u2019Au-del\u00e0 est un th\u00e8me essentiel de l\u2019antique imaginaire celtique qui se perp\u00e9tue jusque dans les romans m\u00e9di\u00e9vaux de la Table Ronde o\u00f9 le passage d\u2019un monde \u00e0 l\u2019autre est fr\u00e9quent avec l\u2019intervention d\u2019\u00eatres surnaturels : f\u00e9es, g\u00e9ants, nains, dragons&#8230;[\/vc_column_text][\/vc_column][vc_column width=\u00a0\u00bb1\/4&Prime;][vc_column_text] DIMANCHE 19 NOVEMBRE 2023 10h30 &gt; 11h30 suivie d&rsquo;un temps de d\u00e9dicace sur la librairie du L\u00e9gendaire gratuit LUISANT Salle du conseil \u2013 Mairie Cours Charles Brune &gt; carte [\/vc_column_text][\/vc_column][\/vc_row][vc_row][vc_column][vc_separator color=\u00a0\u00bbcustom\u00a0\u00bb border_width=\u00a0\u00bb2&Prime; accent_color=\u00a0\u00bb#c91e5d\u00a0\u00bb][\/vc_column][\/vc_row]<\/p>\n","protected":false},"author":1,"featured_media":2210,"comment_status":"open","ping_status":"open","sticky":false,"template":"","format":"standard","meta":[],"categories":[53],"tags":[],"_links":{"self":[{"href":"https:\/\/lelegendaire.fr\/index.php\/wp-json\/wp\/v2\/posts\/3771"}],"collection":[{"href":"https:\/\/lelegendaire.fr\/index.php\/wp-json\/wp\/v2\/posts"}],"about":[{"href":"https:\/\/lelegendaire.fr\/index.php\/wp-json\/wp\/v2\/types\/post"}],"author":[{"embeddable":true,"href":"https:\/\/lelegendaire.fr\/index.php\/wp-json\/wp\/v2\/users\/1"}],"replies":[{"embeddable":true,"href":"https:\/\/lelegendaire.fr\/index.php\/wp-json\/wp\/v2\/comments?post=3771"}],"version-history":[{"count":3,"href":"https:\/\/lelegendaire.fr\/index.php\/wp-json\/wp\/v2\/posts\/3771\/revisions"}],"predecessor-version":[{"id":3782,"href":"https:\/\/lelegendaire.fr\/index.php\/wp-json\/wp\/v2\/posts\/3771\/revisions\/3782"}],"wp:featuredmedia":[{"embeddable":true,"href":"https:\/\/lelegendaire.fr\/index.php\/wp-json\/wp\/v2\/media\/2210"}],"wp:attachment":[{"href":"https:\/\/lelegendaire.fr\/index.php\/wp-json\/wp\/v2\/media?parent=3771"}],"wp:term":[{"taxonomy":"category","embeddable":true,"href":"https:\/\/lelegendaire.fr\/index.php\/wp-json\/wp\/v2\/categories?post=3771"},{"taxonomy":"post_tag","embeddable":true,"href":"https:\/\/lelegendaire.fr\/index.php\/wp-json\/wp\/v2\/tags?post=3771"}],"curies":[{"name":"wp","href":"https:\/\/api.w.org\/{rel}","templated":true}]}}