{"id":3773,"date":"2023-09-28T18:44:09","date_gmt":"2023-09-28T16:44:09","guid":{"rendered":"http:\/\/lelegendaire.fr\/?p=3773"},"modified":"2023-09-28T19:08:37","modified_gmt":"2023-09-28T17:08:37","slug":"2-tours-de-contes","status":"publish","type":"post","link":"https:\/\/lelegendaire.fr\/index.php\/2023\/09\/28\/2-tours-de-contes\/","title":{"rendered":"2 TOURS DE CONTES"},"content":{"rendered":"<p>[vc_row][vc_column][vc_separator color=\u00a0\u00bbcustom\u00a0\u00bb border_width=\u00a0\u00bb2&Prime; accent_color=\u00a0\u00bb#c92e67&Prime;][\/vc_column][\/vc_row][vc_row][vc_column width=\u00a0\u00bb3\/4&Prime;][vc_column_text]<strong><span style=\"color: #993366;\">\u00ab\u00a0<em>Tours de conte et musique<\/em>\u00ab\u00a0<\/span><\/strong><\/p>\n<p><span style=\"color: #993366;\">avec les conteurs et conteuses<\/span><br \/>\n<span style=\"color: #993366;\"><strong>Souleymane Mbodj<\/strong> \/ <strong>Nezha Lakhal-Chev\u00e9<\/strong> \/ <strong>Pierre-Olivier Bannwarth<\/strong> \/ <strong>Julia Alimasi<\/strong> \/ <strong>Hanta<\/strong><\/span><br \/>\n<span style=\"color: #993366;\"><strong>Raharimamonjy<\/strong> \/ <strong>\u00c9thel Balogh-Daroczy<\/strong> \/ <strong>Pascal Fauliot<\/strong><\/span><br \/>\n<span style=\"color: #993366;\">et les musiciens<br \/>\n<\/span><span style=\"color: #993366;\"><strong>Jean-Jacques Barbette<\/strong> \/ <strong>Justin Vali-Rakotondrasoa<\/strong><\/span><\/p>\n<p>Chaque conteur, parfois accompagn\u00e9 d\u2019un musicien, proposera une de ses histoires favorites pour illustrer notre th\u00e8me :<br \/>\n\u201cD\u2019un Monde \u00e0 l\u2019Autre\u201d !<br \/>\n\u00c0 lui ou \u00e0 elle de faire la d\u00e9monstration avec inventivit\u00e9, po\u00e9sie ou humour qu\u2019il tient son propos !<br \/>\nCes tours de contes familiaux seront de v\u00e9ritables anthologies des genres litt\u00e9raires et des styles artistiques de l\u2019art de conter : musical, gestuel, dans\u00e9&#8230;<\/p>\n<p>La s\u00e9ance du dimanche matin est concoct\u00e9e plus particuli\u00e8rement \u00e0 destination du jeune public.<\/p>\n<p>Retrouvez tous ces artistes en repr\u00e9sentations tout au long du Festival, sur les diff\u00e9rentes communes d\u2019Eure-et-Loir, en s\u00e9ances tout public, masterclass, scolaires et aupr\u00e8s des seniors.[\/vc_column_text][\/vc_column][vc_column width=\u00a0\u00bb1\/4&Prime;][vc_column_text]<\/p>\n<p style=\"text-align: center;\"><span style=\"color: #993366;\"><strong>SAMEDI 18 NOVEMBRE 2023<\/strong><\/span><br \/>\n<span style=\"color: #993366;\"><strong>14h30 &gt; 15h30<br \/>\n<\/strong><\/span>\u00e0 partir de 8 ans<\/p>\n<p style=\"text-align: center;\"><span style=\"color: #993366;\"><strong>DIMANCHE 19 NOVEMBRE 2023<\/strong><\/span><br \/>\n<span style=\"color: #993366;\"><strong>10h30 &gt; 11h30<br \/>\n<\/strong><\/span>\u00e0 partir de 6 ans<\/p>\n<p style=\"text-align: center;\">gratuit<\/p>\n<p style=\"text-align: center;\"><strong>LUISANT<\/strong><br \/>\n<strong>Salle du conseil \u2013 Mairie<\/strong><br \/>\nCours Charles Brune<br \/>\n<a href=\"https:\/\/www.google.com\/maps\/place\/Salle+des+F%C3%AAtes\/@48.4299361,1.4714931,17z\/data=!3m1!4b1!4m6!3m5!1s0x47e40c602e6d13dd:0xb183f6625c0a0de7!8m2!3d48.4299361!4d1.474068!16s%2Fg%2F11btmc8md6?entry=ttu\">&gt; carte<\/a><\/p>\n<p>[\/vc_column_text][\/vc_column][\/vc_row][vc_row][vc_column][vc_single_image image=\u00a0\u00bb3501&Prime; img_size=\u00a0\u00bbfull\u00a0\u00bb alignment=\u00a0\u00bbcenter\u00a0\u00bb][\/vc_column][\/vc_row][vc_row][vc_column][vc_separator color=\u00a0\u00bbcustom\u00a0\u00bb border_width=\u00a0\u00bb2&Prime; accent_color=\u00a0\u00bb#c92e67&Prime;][\/vc_column][\/vc_row]<\/p>\n","protected":false},"excerpt":{"rendered":"<p>[vc_row][vc_column][vc_separator color=\u00a0\u00bbcustom\u00a0\u00bb border_width=\u00a0\u00bb2&Prime; accent_color=\u00a0\u00bb#c92e67&Prime;][\/vc_column][\/vc_row][vc_row][vc_column width=\u00a0\u00bb3\/4&Prime;][vc_column_text]\u00ab\u00a0Tours de conte et musique\u00ab\u00a0 avec les conteurs et conteuses Souleymane Mbodj \/ Nezha Lakhal-Chev\u00e9 \/ Pierre-Olivier Bannwarth \/ Julia Alimasi \/ Hanta Raharimamonjy \/ \u00c9thel Balogh-Daroczy \/ Pascal Fauliot et les musiciens Jean-Jacques Barbette \/ Justin Vali-Rakotondrasoa Chaque conteur, parfois accompagn\u00e9 d\u2019un musicien, proposera une de ses histoires favorites pour illustrer notre th\u00e8me : \u201cD\u2019un Monde \u00e0 l\u2019Autre\u201d ! \u00c0 lui ou \u00e0 elle de faire la d\u00e9monstration avec inventivit\u00e9, po\u00e9sie ou humour qu\u2019il tient son propos ! Ces tours de contes familiaux seront de v\u00e9ritables anthologies des genres litt\u00e9raires et des styles artistiques de l\u2019art de conter : musical, gestuel, dans\u00e9&#8230; La s\u00e9ance du dimanche matin est concoct\u00e9e plus particuli\u00e8rement \u00e0 destination du jeune public. Retrouvez tous ces artistes en repr\u00e9sentations tout au long du Festival, sur les diff\u00e9rentes communes d\u2019Eure-et-Loir, en s\u00e9ances tout public, masterclass, scolaires et aupr\u00e8s des seniors.[\/vc_column_text][\/vc_column][vc_column width=\u00a0\u00bb1\/4&Prime;][vc_column_text] SAMEDI 18 NOVEMBRE 2023 14h30 &gt; 15h30 \u00e0 partir de 8 ans DIMANCHE 19 NOVEMBRE 2023 10h30 &gt; 11h30 \u00e0 partir de 6 ans gratuit LUISANT Salle du conseil \u2013 Mairie Cours Charles Brune &gt; carte [\/vc_column_text][\/vc_column][\/vc_row][vc_row][vc_column][vc_single_image image=\u00a0\u00bb3501&Prime; img_size=\u00a0\u00bbfull\u00a0\u00bb alignment=\u00a0\u00bbcenter\u00a0\u00bb][\/vc_column][\/vc_row][vc_row][vc_column][vc_separator color=\u00a0\u00bbcustom\u00a0\u00bb border_width=\u00a0\u00bb2&Prime; accent_color=\u00a0\u00bb#c92e67&Prime;][\/vc_column][\/vc_row]<\/p>\n","protected":false},"author":1,"featured_media":3784,"comment_status":"open","ping_status":"open","sticky":false,"template":"","format":"standard","meta":[],"categories":[53],"tags":[],"_links":{"self":[{"href":"https:\/\/lelegendaire.fr\/index.php\/wp-json\/wp\/v2\/posts\/3773"}],"collection":[{"href":"https:\/\/lelegendaire.fr\/index.php\/wp-json\/wp\/v2\/posts"}],"about":[{"href":"https:\/\/lelegendaire.fr\/index.php\/wp-json\/wp\/v2\/types\/post"}],"author":[{"embeddable":true,"href":"https:\/\/lelegendaire.fr\/index.php\/wp-json\/wp\/v2\/users\/1"}],"replies":[{"embeddable":true,"href":"https:\/\/lelegendaire.fr\/index.php\/wp-json\/wp\/v2\/comments?post=3773"}],"version-history":[{"count":3,"href":"https:\/\/lelegendaire.fr\/index.php\/wp-json\/wp\/v2\/posts\/3773\/revisions"}],"predecessor-version":[{"id":3779,"href":"https:\/\/lelegendaire.fr\/index.php\/wp-json\/wp\/v2\/posts\/3773\/revisions\/3779"}],"wp:featuredmedia":[{"embeddable":true,"href":"https:\/\/lelegendaire.fr\/index.php\/wp-json\/wp\/v2\/media\/3784"}],"wp:attachment":[{"href":"https:\/\/lelegendaire.fr\/index.php\/wp-json\/wp\/v2\/media?parent=3773"}],"wp:term":[{"taxonomy":"category","embeddable":true,"href":"https:\/\/lelegendaire.fr\/index.php\/wp-json\/wp\/v2\/categories?post=3773"},{"taxonomy":"post_tag","embeddable":true,"href":"https:\/\/lelegendaire.fr\/index.php\/wp-json\/wp\/v2\/tags?post=3773"}],"curies":[{"name":"wp","href":"https:\/\/api.w.org\/{rel}","templated":true}]}}