{"id":3930,"date":"2024-07-31T14:52:55","date_gmt":"2024-07-31T12:52:55","guid":{"rendered":"http:\/\/lelegendaire.fr\/?p=3930"},"modified":"2025-10-24T11:43:51","modified_gmt":"2025-10-24T09:43:51","slug":"2-conferences-contees","status":"publish","type":"post","link":"https:\/\/lelegendaire.fr\/index.php\/2024\/07\/31\/2-conferences-contees\/","title":{"rendered":"CONF\u00c9RENCE CONT\u00c9E"},"content":{"rendered":"<p>[vc_row][vc_column][vc_column_text]<\/p>\n<h3>Peter Brook et l\u2019art du conte<\/h3>\n<p><strong>DUR\u00c9E<\/strong> : 40 min[\/vc_column_text][\/vc_column][\/vc_row][vc_row][vc_column][vc_separator color=\u00a0\u00bbcustom\u00a0\u00bb border_width=\u00a0\u00bb2&Prime; accent_color=\u00a0\u00bb#c62158&Prime;][\/vc_column][\/vc_row][vc_row][vc_column width=\u00a0\u00bb3\/4&Prime;][vc_column_text]<span class=\"s1\" style=\"color: #993366;\"><b>Lise Dambrin<\/b><\/span>, com\u00e9dienne, conteuse, th\u00e9rapeute et directrice du Centre Anima<\/p>\n<p class=\"p1\">Lise a recueilli les t\u00e9moignages, interviews et \u00e9crits de Peter Brook qui parlent de son int\u00e9r\u00eat pour les histoires \u00e9piques et l\u2019art du conte. Il con\u00e7oit le th\u00e9\u00e2tre comme un rituel ou un conte traditionnel o\u00f9 chaque mot et chaque geste ont une port\u00e9e symbolique. Dans son c\u00e9l\u00e8bre essai L\u2019Espace Vide, il d\u00e9fend l\u2019id\u00e9e que le th\u00e9\u00e2tre peut na\u00eetre de presque rien comme un conte qui suscite l\u2019imaginaire du spectateur.<\/p>\n<p>[\/vc_column_text][\/vc_column][vc_column width=\u00a0\u00bb1\/4&Prime;][vc_column_text]<\/p>\n<p style=\"text-align: center;\"><span style=\"color: #993366;\"><strong>Samedi 15 novembre 2025<\/strong><\/span><br \/>\n<strong> 14h30<\/strong><\/p>\n<p style=\"text-align: center;\"><strong>LUISANT<br \/>\n<\/strong><strong>La Pl\u00e9iade<\/strong><\/p>\n<p>[\/vc_column_text][\/vc_column][\/vc_row][vc_row][vc_column][\/vc_column][\/vc_row]<\/p>\n","protected":false},"excerpt":{"rendered":"<p>[vc_row][vc_column][vc_column_text] Peter Brook et l\u2019art du conte DUR\u00c9E : 40 min[\/vc_column_text][\/vc_column][\/vc_row][vc_row][vc_column][vc_separator color=\u00a0\u00bbcustom\u00a0\u00bb border_width=\u00a0\u00bb2&Prime; accent_color=\u00a0\u00bb#c62158&Prime;][\/vc_column][\/vc_row][vc_row][vc_column width=\u00a0\u00bb3\/4&Prime;][vc_column_text]Lise Dambrin, com\u00e9dienne, conteuse, th\u00e9rapeute et directrice du Centre Anima Lise a recueilli les t\u00e9moignages, interviews et \u00e9crits de Peter Brook qui parlent de son int\u00e9r\u00eat pour les histoires \u00e9piques et l\u2019art du conte. Il con\u00e7oit le th\u00e9\u00e2tre comme un rituel ou un conte traditionnel o\u00f9 chaque mot et chaque geste ont une port\u00e9e symbolique. Dans son c\u00e9l\u00e8bre essai L\u2019Espace Vide, il d\u00e9fend l\u2019id\u00e9e que le th\u00e9\u00e2tre peut na\u00eetre de presque rien comme un conte qui suscite l\u2019imaginaire du spectateur. [\/vc_column_text][\/vc_column][vc_column width=\u00a0\u00bb1\/4&Prime;][vc_column_text] Samedi 15 novembre 2025 14h30 LUISANT La Pl\u00e9iade [\/vc_column_text][\/vc_column][\/vc_row][vc_row][vc_column][\/vc_column][\/vc_row]<\/p>\n","protected":false},"author":2,"featured_media":4479,"comment_status":"open","ping_status":"open","sticky":false,"template":"","format":"standard","meta":[],"categories":[55],"tags":[],"_links":{"self":[{"href":"https:\/\/lelegendaire.fr\/index.php\/wp-json\/wp\/v2\/posts\/3930"}],"collection":[{"href":"https:\/\/lelegendaire.fr\/index.php\/wp-json\/wp\/v2\/posts"}],"about":[{"href":"https:\/\/lelegendaire.fr\/index.php\/wp-json\/wp\/v2\/types\/post"}],"author":[{"embeddable":true,"href":"https:\/\/lelegendaire.fr\/index.php\/wp-json\/wp\/v2\/users\/2"}],"replies":[{"embeddable":true,"href":"https:\/\/lelegendaire.fr\/index.php\/wp-json\/wp\/v2\/comments?post=3930"}],"version-history":[{"count":16,"href":"https:\/\/lelegendaire.fr\/index.php\/wp-json\/wp\/v2\/posts\/3930\/revisions"}],"predecessor-version":[{"id":4459,"href":"https:\/\/lelegendaire.fr\/index.php\/wp-json\/wp\/v2\/posts\/3930\/revisions\/4459"}],"wp:featuredmedia":[{"embeddable":true,"href":"https:\/\/lelegendaire.fr\/index.php\/wp-json\/wp\/v2\/media\/4479"}],"wp:attachment":[{"href":"https:\/\/lelegendaire.fr\/index.php\/wp-json\/wp\/v2\/media?parent=3930"}],"wp:term":[{"taxonomy":"category","embeddable":true,"href":"https:\/\/lelegendaire.fr\/index.php\/wp-json\/wp\/v2\/categories?post=3930"},{"taxonomy":"post_tag","embeddable":true,"href":"https:\/\/lelegendaire.fr\/index.php\/wp-json\/wp\/v2\/tags?post=3930"}],"curies":[{"name":"wp","href":"https:\/\/api.w.org\/{rel}","templated":true}]}}