{"id":3966,"date":"2024-07-31T14:49:34","date_gmt":"2024-07-31T12:49:34","guid":{"rendered":"http:\/\/lelegendaire.fr\/?p=3966"},"modified":"2025-10-24T11:16:27","modified_gmt":"2025-10-24T09:16:27","slug":"2-spectacles-de-contes-3","status":"publish","type":"post","link":"https:\/\/lelegendaire.fr\/index.php\/2024\/07\/31\/2-spectacles-de-contes-3\/","title":{"rendered":"3 SPECTACLES DE CONTES"},"content":{"rendered":"<p>[vc_row][vc_column][vc_separator color=\u00a0\u00bbcustom\u00a0\u00bb border_width=\u00a0\u00bb2&Prime; accent_color=\u00a0\u00bb#bc2b56&Prime;][\/vc_column][\/vc_row][vc_row][vc_column width=\u00a0\u00bb1\/3&Prime;][vc_single_image image=\u00a0\u00bb4439&Prime; img_size=\u00a0\u00bbmedium\u00a0\u00bb alignment=\u00a0\u00bbcenter\u00a0\u00bb][\/vc_column][vc_column width=\u00a0\u00bb1\/3&Prime;][vc_column_text]<\/p>\n<h4 class=\"p1\"><span style=\"color: #993366;\"><strong>Brins de Mahabharata<\/strong><br \/>\n<\/span><b><\/b><\/h4>\n<p class=\"p1\"><span style=\"color: #993366;\"><i>La grande \u00e9pop\u00e9e de l\u2019Inde en 3 parties<br \/>\n<\/i><\/span><b><i><\/i><\/b><span class=\"s1\"><span style=\"color: #993366;\"><b>Catherine Zarcate<\/b><\/span><b><\/b><\/span><\/p>\n<p class=\"p1\">Catherine s\u2019est fait une sp\u00e9cialit\u00e9 des r\u00e9cits au long court, des \u00e9pop\u00e9es de plusieurs heures o\u00f9 elle embarque son public avec la magie de sa parole.<\/p>\n<p class=\"p1\">Elle d\u00e9roulera le fil de l\u2019immense \u00e9pop\u00e9e o\u00f9, \u00e0 travers des \u00e9pisodes dr\u00f4les ou merveilleux, c\u2019est l\u2019\u00e9ternelle tension entre les forces de lumi\u00e8re et celles de l\u2019ombre qui nous est cont\u00e9e. Toute la complexit\u00e9 humaine habite ce r\u00e9cit magistral et toujours d\u2019actualit\u00e9.<\/p>\n<p class=\"p1\">Les h\u00e9ros sombres sont \u00e9mouvants, nous rappelant combien la jalousie, l\u2019envie, la haine sont douloureuses \u00e0 vivre et la recherche du pouvoir d\u00e9cevante\u2026<\/p>\n<p class=\"p1\">Les h\u00e9ros lumineux vivent en exil dans la for\u00eat, dans des conditions difficiles. Ils se pr\u00e9parent en secret et leur \u00e9l\u00e9vation d\u2019esprit cro\u00eet \u00e0 chaque \u00e9preuve. Ils nous enseignent la loyaut\u00e9, l\u2019humilit\u00e9, la simplicit\u00e9, et la satisfaction profonde d\u2019accomplir \u201cce qui est juste\u201d. Car, on l\u2019aura compris, c\u2019est le fil du \u201cDharma\u201d \u2013 Justice, Ordre cosmique \u2013 qui sous-tend ce r\u00e9cit \u00e0 haute teneur spirituelle\u2026<\/p>\n<p>[\/vc_column_text][\/vc_column][vc_column width=\u00a0\u00bb1\/3&Prime;][vc_column_text]<\/p>\n<p style=\"text-align: center;\"><span style=\"color: #993366;\"><strong>SAMEDI 15 NOVEMBRE 2025<\/strong><\/span><\/p>\n<p class=\"p1\" style=\"text-align: center;\">Partie 1 : de 15h \u00e0 16h30<br \/>\nPartie 2 : de 16h50 \u00e0 18h20<br \/>\nPartie 3 : de 20h30 \u00e0 21h45<\/p>\n<p style=\"text-align: center;\"><strong>LUISANT<\/strong><br \/>\n<strong>Salle Malraux<\/strong><br \/>\nCours Charles Brune<br \/>\n<a href=\"https:\/\/www.google.com\/maps\/place\/Salle+des+F%C3%AAtes\/@48.4299361,1.4714931,17z\/data=!3m1!4b1!4m6!3m5!1s0x47e40c602e6d13dd:0xb183f6625c0a0de7!8m2!3d48.4299361!4d1.474068!16s%2Fg%2F11btmc8md6?entry=ttu\">&gt; carte<\/a><\/p>\n<p class=\"p1\" style=\"text-align: center;\">Entr\u00e9e libre \u2013 A partir de 12 ans.<br \/>\nIl est recommand\u00e9 d\u2019assister aux trois parties car il n\u2019y aura pas de r\u00e9sum\u00e9 des \u00e9pisodes pr\u00e9c\u00e9dents !<\/p>\n<p>[\/vc_column_text][\/vc_column][\/vc_row][vc_row][vc_column][vc_separator color=\u00a0\u00bbcustom\u00a0\u00bb border_width=\u00a0\u00bb2&Prime; accent_color=\u00a0\u00bb#bc2b56&Prime;][\/vc_column][\/vc_row][vc_row][vc_column width=\u00a0\u00bb1\/3&Prime;][vc_single_image image=\u00a0\u00bb4440&Prime; img_size=\u00a0\u00bbmedium\u00a0\u00bb alignment=\u00a0\u00bbcenter\u00a0\u00bb][\/vc_column][vc_column width=\u00a0\u00bb1\/3&Prime;][vc_column_text]<\/p>\n<h4 class=\"p1\"><span style=\"color: #993366;\"><em><b>Le Singe et le Crocodile<\/b><\/em><\/span><\/h4>\n<p class=\"p1\"><span style=\"color: #993366;\"><em>Episode du Panchatantra, recueil de fables indiennes<br \/>\n<\/em><\/span><span style=\"color: #993366;\"><b>Abbi Patrix<\/b><\/span>, conte et percussions et <b><span style=\"color: #993366;\">Linda Esdj\u00f6<\/span>, <\/b>chant, vibraphone, marimba<\/p>\n<p class=\"p1\"><span style=\"color: #993366;\"><em>\u00a0<\/em><\/span><\/p>\n<p class=\"p1\">Les aventures rocambolesques d\u2019un singe beau parleur et d\u2019un crocodile trop cr\u00e9dule dont l\u2019amiti\u00e9 est menac\u00e9e par la jalousie. Des histoires \u00e0 tiroir, \u00e9difiantes et fac\u00e9tieuses, tir\u00e9es du plus ancien recueil de fables qui inspira La Fontaine. Un duo o\u00f9 le conteur et la musicienne nous embarquent sur un rythme aussi exub\u00e9rant que le singe volubile.<\/p>\n<p class=\"p1\">Un \u00e9pisode d\u2019un spectacle autrefois programm\u00e9 par Peter Brook aux Bouffes du Nord.<\/p>\n<p>[\/vc_column_text][\/vc_column][vc_column width=\u00a0\u00bb1\/3&Prime;][vc_column_text]<\/p>\n<p style=\"text-align: center;\"><span style=\"color: #993366;\"><strong>DIMANCHE 16 NOVEMBRE 2024<\/strong><\/span><br \/>\n<b>11h00<\/b><\/p>\n<p class=\"p1\" style=\"text-align: center;\">\u00c0 partir de 7 ans &#8211; entr\u00e9e libre \u2013 1h<\/p>\n<p style=\"text-align: center;\"><strong>LUISANT<\/strong><br \/>\n<strong>Salle Malraux<\/strong><br \/>\nCours Charles Brune<br \/>\n<a href=\"https:\/\/www.google.com\/maps\/place\/Salle+des+F%C3%AAtes\/@48.4299361,1.4714931,17z\/data=!3m1!4b1!4m6!3m5!1s0x47e40c602e6d13dd:0xb183f6625c0a0de7!8m2!3d48.4299361!4d1.474068!16s%2Fg%2F11btmc8md6?entry=ttu\">&gt; carte<\/a><\/p>\n<p>[\/vc_column_text][\/vc_column][\/vc_row][vc_row][vc_column][vc_separator color=\u00a0\u00bbcustom\u00a0\u00bb border_width=\u00a0\u00bb2&Prime; accent_color=\u00a0\u00bb#bc2b56&Prime;][\/vc_column][\/vc_row][vc_row][vc_column width=\u00a0\u00bb1\/3&Prime;][vc_single_image image=\u00a0\u00bb4441&Prime; img_size=\u00a0\u00bbmedium\u00a0\u00bb alignment=\u00a0\u00bbcenter\u00a0\u00bb][\/vc_column][vc_column width=\u00a0\u00bb1\/3&Prime;][vc_column_text]<\/p>\n<h4 class=\"p1\"><span style=\"color: #993366;\"><em><b>L\u2019\u00e9pop\u00e9e des steppes<\/b><\/em><\/span><\/h4>\n<p class=\"p1\"><span style=\"color: #993366;\"><em>Contes chamanes et musiques de Mongolie<br \/>\n<\/em><strong>Patrick Fischmann<\/strong><\/span>, conte, chant, mandole, \u00e9pinette, quatro, guimbarde et <span style=\"color: #993366;\"><b>Michel Abraham<\/b><\/span>, chant harmonique, Morin-Khuur (vi\u00e8le \u00e0 t\u00eate de cheval), trompe, guimbardes, fl\u00fbte tsuur, tambour chamanique.<\/p>\n<p class=\"p1\">Les deux artistes nous emportent dans l\u2019infini des steppes o\u00f9 l\u2019homme est le fils du loup, le fr\u00e8re de la marmotte et du cheval, o\u00f9 la femme-cygne nous \u00e9meut, le barde aveugle est un guide clairvoyant, la fille du Khan est sauv\u00e9e par les fils du chamane. Le chant, omnipr\u00e9sent, t\u00e9moigne du myst\u00e8re que chevauchent les m\u00e9taphores remarquables capt\u00e9es dans une nature sauvage qui c\u00e9l\u00e8bre l\u2019unit\u00e9 du vivant. Le tout port\u00e9 par une musique instrumentale et vocale profonde et envo\u00fbtante avec la complicit\u00e9 de Michel Abraham qui cr\u00e9a la surprise dans l\u2019\u00e9mission The Voice avec ses chants harmoniques.<\/p>\n<p>[\/vc_column_text][\/vc_column][vc_column width=\u00a0\u00bb1\/3&Prime;][vc_column_text]<\/p>\n<p style=\"text-align: center;\"><span style=\"color: #993366;\"><strong>DIMANCHE 16 NOVEMBRE 2024<\/strong><\/span><br \/>\n<b>16h00<\/b><\/p>\n<p class=\"p1\" style=\"text-align: center;\">\u00c0 partir de 7 ans &#8211; entr\u00e9e libre \u2013 1h<\/p>\n<p style=\"text-align: center;\"><strong>LUISANT<\/strong><br \/>\n<strong>Salle Malraux<\/strong><br \/>\nCours Charles Brune<br \/>\n<a href=\"https:\/\/www.google.com\/maps\/place\/Salle+des+F%C3%AAtes\/@48.4299361,1.4714931,17z\/data=!3m1!4b1!4m6!3m5!1s0x47e40c602e6d13dd:0xb183f6625c0a0de7!8m2!3d48.4299361!4d1.474068!16s%2Fg%2F11btmc8md6?entry=ttu\">&gt; carte<\/a><\/p>\n<p>[\/vc_column_text][\/vc_column][\/vc_row][vc_row][vc_column][vc_separator color=\u00a0\u00bbcustom\u00a0\u00bb border_width=\u00a0\u00bb2&Prime; accent_color=\u00a0\u00bb#bc2b56&Prime;][\/vc_column][\/vc_row][vc_section][\/vc_section]<\/p>\n","protected":false},"excerpt":{"rendered":"<p>[vc_row][vc_column][vc_separator color=\u00a0\u00bbcustom\u00a0\u00bb border_width=\u00a0\u00bb2&Prime; accent_color=\u00a0\u00bb#bc2b56&Prime;][\/vc_column][\/vc_row][vc_row][vc_column width=\u00a0\u00bb1\/3&Prime;][vc_single_image image=\u00a0\u00bb4439&Prime; img_size=\u00a0\u00bbmedium\u00a0\u00bb alignment=\u00a0\u00bbcenter\u00a0\u00bb][\/vc_column][vc_column width=\u00a0\u00bb1\/3&Prime;][vc_column_text] Brins de Mahabharata La grande \u00e9pop\u00e9e de l\u2019Inde en 3 parties Catherine Zarcate Catherine s\u2019est fait une sp\u00e9cialit\u00e9 des r\u00e9cits au long court, des \u00e9pop\u00e9es de plusieurs heures o\u00f9 elle embarque son public avec la magie de sa parole. Elle d\u00e9roulera le fil de l\u2019immense \u00e9pop\u00e9e o\u00f9, \u00e0 travers des \u00e9pisodes dr\u00f4les ou merveilleux, c\u2019est l\u2019\u00e9ternelle tension entre les forces de lumi\u00e8re et celles de l\u2019ombre qui nous est cont\u00e9e. Toute la complexit\u00e9 humaine habite ce r\u00e9cit magistral et toujours d\u2019actualit\u00e9. Les h\u00e9ros sombres sont \u00e9mouvants, nous rappelant combien la jalousie, l\u2019envie, la haine sont douloureuses \u00e0 vivre et la recherche du pouvoir d\u00e9cevante\u2026 Les h\u00e9ros lumineux vivent en exil dans la for\u00eat, dans des conditions difficiles. Ils se pr\u00e9parent en secret et leur \u00e9l\u00e9vation d\u2019esprit cro\u00eet \u00e0 chaque \u00e9preuve. Ils nous enseignent la loyaut\u00e9, l\u2019humilit\u00e9, la simplicit\u00e9, et la satisfaction profonde d\u2019accomplir \u201cce qui est juste\u201d. Car, on l\u2019aura compris, c\u2019est le fil du \u201cDharma\u201d \u2013 Justice, Ordre cosmique \u2013 qui sous-tend ce r\u00e9cit \u00e0 haute teneur spirituelle\u2026 [\/vc_column_text][\/vc_column][vc_column width=\u00a0\u00bb1\/3&Prime;][vc_column_text] SAMEDI 15 NOVEMBRE 2025 Partie 1 : de 15h \u00e0 16h30 Partie 2 : de 16h50 \u00e0 18h20 Partie 3 : de 20h30 \u00e0 21h45 LUISANT Salle Malraux Cours Charles Brune &gt; carte Entr\u00e9e libre \u2013 A partir de 12 ans. Il est recommand\u00e9 d\u2019assister aux trois parties car il n\u2019y aura pas de r\u00e9sum\u00e9 des \u00e9pisodes pr\u00e9c\u00e9dents ! [\/vc_column_text][\/vc_column][\/vc_row][vc_row][vc_column][vc_separator color=\u00a0\u00bbcustom\u00a0\u00bb border_width=\u00a0\u00bb2&Prime; accent_color=\u00a0\u00bb#bc2b56&Prime;][\/vc_column][\/vc_row][vc_row][vc_column width=\u00a0\u00bb1\/3&Prime;][vc_single_image image=\u00a0\u00bb4440&Prime; img_size=\u00a0\u00bbmedium\u00a0\u00bb alignment=\u00a0\u00bbcenter\u00a0\u00bb][\/vc_column][vc_column width=\u00a0\u00bb1\/3&Prime;][vc_column_text] Le Singe et le Crocodile Episode du Panchatantra, recueil de fables indiennes Abbi Patrix, conte et percussions et Linda Esdj\u00f6, chant, vibraphone, marimba \u00a0 Les aventures rocambolesques d\u2019un singe beau parleur et d\u2019un crocodile trop cr\u00e9dule dont l\u2019amiti\u00e9 est menac\u00e9e par la jalousie. Des histoires \u00e0 tiroir, \u00e9difiantes et fac\u00e9tieuses, tir\u00e9es du plus ancien recueil de fables qui inspira La Fontaine. Un duo o\u00f9 le conteur et la musicienne nous embarquent sur un rythme aussi exub\u00e9rant que le singe volubile. Un \u00e9pisode d\u2019un spectacle autrefois programm\u00e9 par Peter Brook aux Bouffes du Nord. [\/vc_column_text][\/vc_column][vc_column width=\u00a0\u00bb1\/3&Prime;][vc_column_text] DIMANCHE 16 NOVEMBRE 2024 11h00 \u00c0 partir de 7 ans &#8211; entr\u00e9e libre \u2013 1h LUISANT Salle Malraux Cours Charles Brune &gt; carte [\/vc_column_text][\/vc_column][\/vc_row][vc_row][vc_column][vc_separator color=\u00a0\u00bbcustom\u00a0\u00bb border_width=\u00a0\u00bb2&Prime; accent_color=\u00a0\u00bb#bc2b56&Prime;][\/vc_column][\/vc_row][vc_row][vc_column width=\u00a0\u00bb1\/3&Prime;][vc_single_image image=\u00a0\u00bb4441&Prime; img_size=\u00a0\u00bbmedium\u00a0\u00bb alignment=\u00a0\u00bbcenter\u00a0\u00bb][\/vc_column][vc_column width=\u00a0\u00bb1\/3&Prime;][vc_column_text] L\u2019\u00e9pop\u00e9e des steppes Contes chamanes et musiques de Mongolie Patrick Fischmann, conte, chant, mandole, \u00e9pinette, quatro, guimbarde et Michel Abraham, chant harmonique, Morin-Khuur (vi\u00e8le \u00e0 t\u00eate de cheval), trompe, guimbardes, fl\u00fbte tsuur, tambour chamanique. Les deux artistes nous emportent dans l\u2019infini des steppes o\u00f9 l\u2019homme est le fils du loup, le fr\u00e8re de la marmotte et du cheval, o\u00f9 la femme-cygne nous \u00e9meut, le barde aveugle est un guide clairvoyant, la fille du Khan est sauv\u00e9e par les fils du chamane. Le chant, omnipr\u00e9sent, t\u00e9moigne du myst\u00e8re que chevauchent les m\u00e9taphores remarquables capt\u00e9es dans une nature sauvage qui c\u00e9l\u00e8bre l\u2019unit\u00e9 du vivant. Le tout port\u00e9 par une musique instrumentale et vocale profonde et envo\u00fbtante avec la complicit\u00e9 de Michel Abraham qui cr\u00e9a la surprise dans l\u2019\u00e9mission The Voice avec ses chants harmoniques. [\/vc_column_text][\/vc_column][vc_column width=\u00a0\u00bb1\/3&Prime;][vc_column_text] DIMANCHE 16 NOVEMBRE 2024 16h00 \u00c0 partir de 7 ans &#8211; entr\u00e9e libre \u2013 1h LUISANT Salle Malraux Cours Charles Brune &gt; carte [\/vc_column_text][\/vc_column][\/vc_row][vc_row][vc_column][vc_separator color=\u00a0\u00bbcustom\u00a0\u00bb border_width=\u00a0\u00bb2&Prime; accent_color=\u00a0\u00bb#bc2b56&Prime;][\/vc_column][\/vc_row][vc_section][\/vc_section]<\/p>\n","protected":false},"author":2,"featured_media":4354,"comment_status":"open","ping_status":"open","sticky":false,"template":"","format":"standard","meta":[],"categories":[55],"tags":[],"_links":{"self":[{"href":"https:\/\/lelegendaire.fr\/index.php\/wp-json\/wp\/v2\/posts\/3966"}],"collection":[{"href":"https:\/\/lelegendaire.fr\/index.php\/wp-json\/wp\/v2\/posts"}],"about":[{"href":"https:\/\/lelegendaire.fr\/index.php\/wp-json\/wp\/v2\/types\/post"}],"author":[{"embeddable":true,"href":"https:\/\/lelegendaire.fr\/index.php\/wp-json\/wp\/v2\/users\/2"}],"replies":[{"embeddable":true,"href":"https:\/\/lelegendaire.fr\/index.php\/wp-json\/wp\/v2\/comments?post=3966"}],"version-history":[{"count":17,"href":"https:\/\/lelegendaire.fr\/index.php\/wp-json\/wp\/v2\/posts\/3966\/revisions"}],"predecessor-version":[{"id":4452,"href":"https:\/\/lelegendaire.fr\/index.php\/wp-json\/wp\/v2\/posts\/3966\/revisions\/4452"}],"wp:featuredmedia":[{"embeddable":true,"href":"https:\/\/lelegendaire.fr\/index.php\/wp-json\/wp\/v2\/media\/4354"}],"wp:attachment":[{"href":"https:\/\/lelegendaire.fr\/index.php\/wp-json\/wp\/v2\/media?parent=3966"}],"wp:term":[{"taxonomy":"category","embeddable":true,"href":"https:\/\/lelegendaire.fr\/index.php\/wp-json\/wp\/v2\/categories?post=3966"},{"taxonomy":"post_tag","embeddable":true,"href":"https:\/\/lelegendaire.fr\/index.php\/wp-json\/wp\/v2\/tags?post=3966"}],"curies":[{"name":"wp","href":"https:\/\/api.w.org\/{rel}","templated":true}]}}