{"id":4038,"date":"2024-08-01T09:50:35","date_gmt":"2024-08-01T07:50:35","guid":{"rendered":"http:\/\/lelegendaire.fr\/?p=4038"},"modified":"2024-08-01T10:49:20","modified_gmt":"2024-08-01T08:49:20","slug":"le-chant-des-partisanes-visite-contee-musicale-recits-de-resistantes","status":"publish","type":"post","link":"https:\/\/lelegendaire.fr\/index.php\/2024\/08\/01\/le-chant-des-partisanes-visite-contee-musicale-recits-de-resistantes\/","title":{"rendered":"Le Chant des partisanes &#8211; Visite cont\u00e9e musicale &#8211; r\u00e9cits de r\u00e9sistantes"},"content":{"rendered":"<p>[vc_row][vc_column width=\u00a0\u00bb1\/6&Prime;][vc_column_text]<\/p>\n<p style=\"text-align: center;\"><span style=\"color: #993366;\"><b>DIMANCHE 10 NOVEMBRE 2024<br \/>\n<\/b><\/span><span style=\"color: #993366;\"><b>15h30<br \/>\n<\/b><\/span><b><span style=\"font-weight: 400;\">Dur\u00e9e 1h15<br \/>\n<\/span><\/b><span style=\"font-weight: 400;\">Tout public \u00e0 partir de 10 ans<\/span><span style=\"font-weight: 400;\"><br \/>\n<\/span><span style=\"font-weight: 400;\">Gratuit<\/span><\/p>\n<p style=\"text-align: center;\"><span style=\"font-weight: 400;\">\u00a0<\/span><\/p>\n<p>[\/vc_column_text][\/vc_column][vc_column width=\u00a0\u00bb1\/6&Prime;][vc_column_text]<\/p>\n<p style=\"text-align: center;\"><span style=\"color: #993366;\"><b>\u00a0Mus\u00e9e du COMPA &#8211; Chartres<br \/>\n<span style=\"color: #333333;\">02 37 84 15 00<\/span><\/b><\/span><span style=\"color: #993366;\"><br \/>\n<a href=\"https:\/\/maps.app.goo.gl\/F4S9nwE2dSeAk17p7\"><b>Mus\u00e9e du COMPA<\/b><\/a><\/span><\/p>\n<p>[\/vc_column_text][\/vc_column][vc_column width=\u00a0\u00bb1\/6&Prime;][vc_column_text]<span style=\"color: #993366;\">Avec <b>Ariane Pawin<\/b>, conte, <b>Milda Varnauskait\u00e9,<\/b> conte et chant et <b>Maryna Voznyuk<\/b>, chant et musique. Mise en sc\u00e8ne : <b>Abbi Patrix<\/b>.<\/span>[\/vc_column_text][\/vc_column][vc_column width=\u00a0\u00bb1\/2&Prime;][vc_column_text]<span style=\"color: #993366;\"><b><i>Le Chant des partisanes <\/i><\/b><\/span><span style=\"font-weight: 400;\">&#8211; Visite cont\u00e9e musicale &#8211; r\u00e9cits de r\u00e9sistantes<\/span><\/p>\n<p><span style=\"font-weight: 400;\">Les r\u00e9cits mettront en lumi\u00e8re le courage et la force de femmes r\u00e9sistant \u00e0 l\u2019oppression, \u00e0 la guerre, \u00e0 l\u2019occupation, en Lituanie, en Ukraine et en France. La d\u00e9ambulation s\u2019appuiera sur l\u2019architecture et les \u0153uvres du mus\u00e9e pour mieux \u00e9voquer ces histoires embl\u00e9matiques et porteuses d\u2019esp\u00e9rance. La mise en sc\u00e8ne maintiendra un dialogue constant entre la narration, les po\u00e8mes et les chants en fran\u00e7ais, en lithuanien et en ukrainien avec un accompagnement musical.<\/span><\/p>\n<p><i><span style=\"font-weight: 400;\">En lien avec la Saison de la Lituanie en France et le Festisol<\/span><\/i>[\/vc_column_text][\/vc_column][vc_column][vc_zigzag color=\u00a0\u00bbcustom\u00a0\u00bb custom_color=\u00a0\u00bb#a0005b\u00a0\u00bb][vc_wp_text][\/vc_wp_text][\/vc_column][\/vc_row]<\/p>\n","protected":false},"excerpt":{"rendered":"<p>[vc_row][vc_column width=\u00a0\u00bb1\/6&Prime;][vc_column_text] DIMANCHE 10 NOVEMBRE 2024 15h30 Dur\u00e9e 1h15 Tout public \u00e0 partir de 10 ans Gratuit \u00a0 [\/vc_column_text][\/vc_column][vc_column width=\u00a0\u00bb1\/6&Prime;][vc_column_text] \u00a0Mus\u00e9e du COMPA &#8211; Chartres 02 37 84 15 00 Mus\u00e9e du COMPA [\/vc_column_text][\/vc_column][vc_column width=\u00a0\u00bb1\/6&Prime;][vc_column_text]Avec Ariane Pawin, conte, Milda Varnauskait\u00e9, conte et chant et Maryna Voznyuk, chant et musique. Mise en sc\u00e8ne : Abbi Patrix.[\/vc_column_text][\/vc_column][vc_column width=\u00a0\u00bb1\/2&Prime;][vc_column_text]Le Chant des partisanes &#8211; Visite cont\u00e9e musicale &#8211; r\u00e9cits de r\u00e9sistantes Les r\u00e9cits mettront en lumi\u00e8re le courage et la force de femmes r\u00e9sistant \u00e0 l\u2019oppression, \u00e0 la guerre, \u00e0 l\u2019occupation, en Lituanie, en Ukraine et en France. La d\u00e9ambulation s\u2019appuiera sur l\u2019architecture et les \u0153uvres du mus\u00e9e pour mieux \u00e9voquer ces histoires embl\u00e9matiques et porteuses d\u2019esp\u00e9rance. La mise en sc\u00e8ne maintiendra un dialogue constant entre la narration, les po\u00e8mes et les chants en fran\u00e7ais, en lithuanien et en ukrainien avec un accompagnement musical. En lien avec la Saison de la Lituanie en France et le Festisol[\/vc_column_text][\/vc_column][vc_column][vc_zigzag color=\u00a0\u00bbcustom\u00a0\u00bb custom_color=\u00a0\u00bb#a0005b\u00a0\u00bb][vc_wp_text][\/vc_wp_text][\/vc_column][\/vc_row]<\/p>\n","protected":false},"author":2,"featured_media":4039,"comment_status":"open","ping_status":"open","sticky":false,"template":"","format":"standard","meta":[],"categories":[56],"tags":[],"_links":{"self":[{"href":"https:\/\/lelegendaire.fr\/index.php\/wp-json\/wp\/v2\/posts\/4038"}],"collection":[{"href":"https:\/\/lelegendaire.fr\/index.php\/wp-json\/wp\/v2\/posts"}],"about":[{"href":"https:\/\/lelegendaire.fr\/index.php\/wp-json\/wp\/v2\/types\/post"}],"author":[{"embeddable":true,"href":"https:\/\/lelegendaire.fr\/index.php\/wp-json\/wp\/v2\/users\/2"}],"replies":[{"embeddable":true,"href":"https:\/\/lelegendaire.fr\/index.php\/wp-json\/wp\/v2\/comments?post=4038"}],"version-history":[{"count":1,"href":"https:\/\/lelegendaire.fr\/index.php\/wp-json\/wp\/v2\/posts\/4038\/revisions"}],"predecessor-version":[{"id":4040,"href":"https:\/\/lelegendaire.fr\/index.php\/wp-json\/wp\/v2\/posts\/4038\/revisions\/4040"}],"wp:featuredmedia":[{"embeddable":true,"href":"https:\/\/lelegendaire.fr\/index.php\/wp-json\/wp\/v2\/media\/4039"}],"wp:attachment":[{"href":"https:\/\/lelegendaire.fr\/index.php\/wp-json\/wp\/v2\/media?parent=4038"}],"wp:term":[{"taxonomy":"category","embeddable":true,"href":"https:\/\/lelegendaire.fr\/index.php\/wp-json\/wp\/v2\/categories?post=4038"},{"taxonomy":"post_tag","embeddable":true,"href":"https:\/\/lelegendaire.fr\/index.php\/wp-json\/wp\/v2\/tags?post=4038"}],"curies":[{"name":"wp","href":"https:\/\/api.w.org\/{rel}","templated":true}]}}