{"id":4045,"date":"2024-08-01T10:48:40","date_gmt":"2024-08-01T08:48:40","guid":{"rendered":"http:\/\/lelegendaire.fr\/?p=4045"},"modified":"2024-09-10T11:12:06","modified_gmt":"2024-09-10T09:12:06","slug":"latelier-du-legendaire","status":"publish","type":"post","link":"https:\/\/lelegendaire.fr\/index.php\/2024\/08\/01\/latelier-du-legendaire\/","title":{"rendered":"L&rsquo;Atelier du L\u00e9gendaire"},"content":{"rendered":"<p>[vc_row][vc_column width=\u00a0\u00bb1\/2&Prime;][vc_column_text]<\/p>\n<p class=\"p1\"><b>\u2022 L\u2019Atelier du L\u00e9gendaire<\/b><\/p>\n<p class=\"p2\">L\u2019association Hamsa propose \u00e9galement L\u2019Atelier du L\u00e9gendaire, un <b>atelier de pratique artistique et de cr\u00e9ation<\/b> <span class=\"s1\">tout au long de l\u2019ann\u00e9e avec Pascal Fauliot, <\/span>ouvert \u00e0 des personnes ayant d\u00e9j\u00e0 une pratique du conte ou de l\u2019oralit\u00e9. Le fondement du travail s\u2019appuie sur la connaissance du r\u00e9pertoire, sa symbolique et la r\u00e9\u00e9criture po\u00e9tique des contes o\u00f9 la musicalit\u00e9 de la parole et le choix des images sont au service du sens et de l\u2019\u00e9motion. L\u2019exploration de la voix et de la gestuelle permet \u00e9galement d\u2019amplifier la capacit\u00e9 d\u2019expression.<span class=\"Apple-converted-space\">\u00a0<\/span><\/p>\n<p class=\"p3\">\u00c0 travers cet atelier, participez aux rendez-vous des conteurs amateurs et aux actions de la C<sup>ie<\/sup> Hamsa.<br \/>\nRenseignements et inscriptions : <span style=\"color: #333333;\">ateliers@cie-hamsa.com \/ 06 09 72 93 91<\/span><\/p>\n<p>[\/vc_column_text][\/vc_column][vc_column width=\u00a0\u00bb1\/2&Prime;][vc_separator color=\u00a0\u00bbwhite\u00a0\u00bb][vc_column_text]<span style=\"font-weight: 400;\">L\u2019atelier se d\u00e9roule sur trois axes. Tout d\u2019abord, une d\u00e9couverte des genres du conte pour mieux comprendre leurs fonctions, leur fonctionnement et leur symbolique. Ensuite, des exercices collectifs, ludiques et progressifs qui permettent d\u2019explorer ses propres capacit\u00e9s vocales, gestuelles, imaginatives et expressives. Enfin, un travail individualis\u00e9 afin de s\u2019approprier des contes de son choix, de les dire avec ses propres mots en accord avec sa sensibilit\u00e9 et de les perfectionner en les rendant plus vivants, plus po\u00e9tiques ou humoristiques.<\/span><\/p>\n<p><span style=\"font-weight: 400;\">A travers cet atelier, une possibilit\u00e9 de participer aux actions de la Cie Hamsa.<\/span><\/p>\n<blockquote>\n<p class=\"p6\"><span style=\"color: #993366;\"><span style=\"font-weight: 400;\"><strong>Un dimanche par mois : les 15\/09, 13\/10, 01\/12 2024 \u2013<\/strong> <\/span><\/span><strong><span style=\"color: #993366;\">de 10h30 \u00e0 18h<br \/>\n<\/span><\/strong><strong><span style=\"color: #993366;\">LUISANT &#8211; La Pl\u00e9iade (gare de Chartres \u00e0 10 minutes)<br \/>\n<\/span><span style=\"color: #993366;\">Tarifs : \u00c0 l&rsquo;unit\u00e9 : 60\u20ac (plein tarif) \/ tarif r\u00e9duit : 30\u20ac (ch\u00f4meurs, \u00e9tudiants, RSA)<\/span><span style=\"color: #993366;\"><br \/>\n<\/span><span style=\"color: #993366;\"> Au trimestre : 150\u20ac ( plein tarif ) \/ tarif r\u00e9duit : 100\u20ac<\/span><span style=\"color: #993366;\"><br \/>\n<\/span><\/strong><\/p>\n<\/blockquote>\n<p class=\"p6\"><strong><span style=\"color: #993366;\">&gt; Renseignements et inscriptions : ateliers@cie-hamsa.com \/ <strong>06 09 72 93 91<\/strong><\/span><\/strong><\/p>\n<p>[\/vc_column_text][\/vc_column][\/vc_row][vc_row][vc_column][\/vc_column][\/vc_row]<\/p>\n","protected":false},"excerpt":{"rendered":"<p>[vc_row][vc_column width=\u00a0\u00bb1\/2&Prime;][vc_column_text] \u2022 L\u2019Atelier du L\u00e9gendaire L\u2019association Hamsa propose \u00e9galement L\u2019Atelier du L\u00e9gendaire, un atelier de pratique artistique et de cr\u00e9ation tout au long de l\u2019ann\u00e9e avec Pascal Fauliot, ouvert \u00e0 des personnes ayant d\u00e9j\u00e0 une pratique du conte ou de l\u2019oralit\u00e9. Le fondement du travail s\u2019appuie sur la connaissance du r\u00e9pertoire, sa symbolique et la r\u00e9\u00e9criture po\u00e9tique des contes o\u00f9 la musicalit\u00e9 de la parole et le choix des images sont au service du sens et de l\u2019\u00e9motion. L\u2019exploration de la voix et de la gestuelle permet \u00e9galement d\u2019amplifier la capacit\u00e9 d\u2019expression.\u00a0 \u00c0 travers cet atelier, participez aux rendez-vous des conteurs amateurs et aux actions de la Cie Hamsa. Renseignements et inscriptions : ateliers@cie-hamsa.com \/ 06 09 72 93 91 [\/vc_column_text][\/vc_column][vc_column width=\u00a0\u00bb1\/2&Prime;][vc_separator color=\u00a0\u00bbwhite\u00a0\u00bb][vc_column_text]L\u2019atelier se d\u00e9roule sur trois axes. Tout d\u2019abord, une d\u00e9couverte des genres du conte pour mieux comprendre leurs fonctions, leur fonctionnement et leur symbolique. Ensuite, des exercices collectifs, ludiques et progressifs qui permettent d\u2019explorer ses propres capacit\u00e9s vocales, gestuelles, imaginatives et expressives. Enfin, un travail individualis\u00e9 afin de s\u2019approprier des contes de son choix, de les dire avec ses propres mots en accord avec sa sensibilit\u00e9 et de les perfectionner en les rendant plus vivants, plus po\u00e9tiques ou humoristiques. A travers cet atelier, une possibilit\u00e9 de participer aux actions de la Cie Hamsa. Un dimanche par mois : les 15\/09, 13\/10, 01\/12 2024 \u2013 de 10h30 \u00e0 18h LUISANT &#8211; La Pl\u00e9iade (gare de Chartres \u00e0 10 minutes) Tarifs : \u00c0 l&rsquo;unit\u00e9 : 60\u20ac (plein tarif) \/ tarif r\u00e9duit : 30\u20ac (ch\u00f4meurs, \u00e9tudiants, RSA) Au trimestre : 150\u20ac ( plein tarif ) \/ tarif r\u00e9duit : 100\u20ac &gt; Renseignements et inscriptions : ateliers@cie-hamsa.com \/ 06 09 72 93 91 [\/vc_column_text][\/vc_column][\/vc_row][vc_row][vc_column][\/vc_column][\/vc_row]<\/p>\n","protected":false},"author":2,"featured_media":4278,"comment_status":"open","ping_status":"open","sticky":false,"template":"","format":"standard","meta":[],"categories":[56,58,5],"tags":[],"_links":{"self":[{"href":"https:\/\/lelegendaire.fr\/index.php\/wp-json\/wp\/v2\/posts\/4045"}],"collection":[{"href":"https:\/\/lelegendaire.fr\/index.php\/wp-json\/wp\/v2\/posts"}],"about":[{"href":"https:\/\/lelegendaire.fr\/index.php\/wp-json\/wp\/v2\/types\/post"}],"author":[{"embeddable":true,"href":"https:\/\/lelegendaire.fr\/index.php\/wp-json\/wp\/v2\/users\/2"}],"replies":[{"embeddable":true,"href":"https:\/\/lelegendaire.fr\/index.php\/wp-json\/wp\/v2\/comments?post=4045"}],"version-history":[{"count":4,"href":"https:\/\/lelegendaire.fr\/index.php\/wp-json\/wp\/v2\/posts\/4045\/revisions"}],"predecessor-version":[{"id":4279,"href":"https:\/\/lelegendaire.fr\/index.php\/wp-json\/wp\/v2\/posts\/4045\/revisions\/4279"}],"wp:featuredmedia":[{"embeddable":true,"href":"https:\/\/lelegendaire.fr\/index.php\/wp-json\/wp\/v2\/media\/4278"}],"wp:attachment":[{"href":"https:\/\/lelegendaire.fr\/index.php\/wp-json\/wp\/v2\/media?parent=4045"}],"wp:term":[{"taxonomy":"category","embeddable":true,"href":"https:\/\/lelegendaire.fr\/index.php\/wp-json\/wp\/v2\/categories?post=4045"},{"taxonomy":"post_tag","embeddable":true,"href":"https:\/\/lelegendaire.fr\/index.php\/wp-json\/wp\/v2\/tags?post=4045"}],"curies":[{"name":"wp","href":"https:\/\/api.w.org\/{rel}","templated":true}]}}