{"id":4093,"date":"2024-08-30T11:09:10","date_gmt":"2024-08-30T09:09:10","guid":{"rendered":"http:\/\/lelegendaire.fr\/?p=4093"},"modified":"2024-09-10T11:13:30","modified_gmt":"2024-09-10T09:13:30","slug":"librairie-itinerante","status":"publish","type":"post","link":"https:\/\/lelegendaire.fr\/index.php\/2024\/08\/30\/librairie-itinerante\/","title":{"rendered":"Librairie Itin\u00e9rante"},"content":{"rendered":"<p>[vc_row][vc_column][vc_column_text]<span style=\"font-weight: 400;\">Un choix de titres en relation avec les th\u00e8mes du Festival et des spectacles ainsi que les livres des auteurs invit\u00e9s seront en vente sur les diff\u00e9rents lieux. Les auteurs d\u00e9dicaceront leurs ouvrages \u00e0 l\u2019issue des spectacles et\/ou de leurs interventions aux Rencontres du L\u00e9gendaire (<a href=\"http:\/\/lelegendaire.fr\/wp-content\/uploads\/2024\/08\/LIVRET-LEGENDAIRE-2024.pdf#page=18\">Retrouvez le planning ici<\/a>).<\/span><\/p>\n<p><span style=\"font-weight: 400; color: #993366;\">L\u2019adh\u00e9sion \u00e0 l\u2019association Hamsa organisatrice du Festival <strong>permet une r\u00e9duction de 5% sur l\u2019achat de livres<\/strong>. En partenariat avec la librairie l\u2019<strong>Esperlu\u00e8te de Chartres<\/strong> (<em>r\u00e8glements en esp\u00e8ces et ch\u00e8ques<\/em>).<\/span>[\/vc_column_text][\/vc_column][\/vc_row][vc_row][vc_column][vc_zigzag color=\u00a0\u00bbcustom\u00a0\u00bb custom_color=\u00a0\u00bb#9b115f\u00a0\u00bb][\/vc_column][\/vc_row]<\/p>\n","protected":false},"excerpt":{"rendered":"<p>[vc_row][vc_column][vc_column_text]Un choix de titres en relation avec les th\u00e8mes du Festival et des spectacles ainsi que les livres des auteurs invit\u00e9s seront en vente sur les diff\u00e9rents lieux. Les auteurs d\u00e9dicaceront leurs ouvrages \u00e0 l\u2019issue des spectacles et\/ou de leurs interventions aux Rencontres du L\u00e9gendaire (Retrouvez le planning ici). L\u2019adh\u00e9sion \u00e0 l\u2019association Hamsa organisatrice du Festival permet une r\u00e9duction de 5% sur l\u2019achat de livres. En partenariat avec la librairie l\u2019Esperlu\u00e8te de Chartres (r\u00e8glements en esp\u00e8ces et ch\u00e8ques).[\/vc_column_text][\/vc_column][\/vc_row][vc_row][vc_column][vc_zigzag color=\u00a0\u00bbcustom\u00a0\u00bb custom_color=\u00a0\u00bb#9b115f\u00a0\u00bb][\/vc_column][\/vc_row]<\/p>\n","protected":false},"author":2,"featured_media":4187,"comment_status":"open","ping_status":"open","sticky":false,"template":"","format":"standard","meta":[],"categories":[56,58],"tags":[],"_links":{"self":[{"href":"https:\/\/lelegendaire.fr\/index.php\/wp-json\/wp\/v2\/posts\/4093"}],"collection":[{"href":"https:\/\/lelegendaire.fr\/index.php\/wp-json\/wp\/v2\/posts"}],"about":[{"href":"https:\/\/lelegendaire.fr\/index.php\/wp-json\/wp\/v2\/types\/post"}],"author":[{"embeddable":true,"href":"https:\/\/lelegendaire.fr\/index.php\/wp-json\/wp\/v2\/users\/2"}],"replies":[{"embeddable":true,"href":"https:\/\/lelegendaire.fr\/index.php\/wp-json\/wp\/v2\/comments?post=4093"}],"version-history":[{"count":2,"href":"https:\/\/lelegendaire.fr\/index.php\/wp-json\/wp\/v2\/posts\/4093\/revisions"}],"predecessor-version":[{"id":4221,"href":"https:\/\/lelegendaire.fr\/index.php\/wp-json\/wp\/v2\/posts\/4093\/revisions\/4221"}],"wp:featuredmedia":[{"embeddable":true,"href":"https:\/\/lelegendaire.fr\/index.php\/wp-json\/wp\/v2\/media\/4187"}],"wp:attachment":[{"href":"https:\/\/lelegendaire.fr\/index.php\/wp-json\/wp\/v2\/media?parent=4093"}],"wp:term":[{"taxonomy":"category","embeddable":true,"href":"https:\/\/lelegendaire.fr\/index.php\/wp-json\/wp\/v2\/categories?post=4093"},{"taxonomy":"post_tag","embeddable":true,"href":"https:\/\/lelegendaire.fr\/index.php\/wp-json\/wp\/v2\/tags?post=4093"}],"curies":[{"name":"wp","href":"https:\/\/api.w.org\/{rel}","templated":true}]}}