{"id":4105,"date":"2024-09-03T11:14:03","date_gmt":"2024-09-03T09:14:03","guid":{"rendered":"http:\/\/lelegendaire.fr\/?p=4105"},"modified":"2024-09-03T11:14:03","modified_gmt":"2024-09-03T09:14:03","slug":"classe-de-decouverte-conte","status":"publish","type":"post","link":"https:\/\/lelegendaire.fr\/index.php\/2024\/09\/03\/classe-de-decouverte-conte\/","title":{"rendered":"Classe de d\u00e9couverte \u00ab\u00a0conte\u00a0\u00bb"},"content":{"rendered":"<p>[vc_row][vc_column width=\u00a0\u00bb1\/6&Prime;][vc_column_text]<\/p>\n<p style=\"text-align: center;\"><span style=\"color: #993366;\"><b>Du 4 au 8 NOVEMBRE 2024<br \/>\n<\/b><\/span><span style=\"color: #993366;\"><b>7 S\u00e9ances<br \/>\n<\/b><\/span><b><span style=\"font-weight: 400;\">Dur\u00e9e 1h<br \/>\n<\/span><\/b><span style=\"font-weight: 400;\">\u00c0 partir de 6 ans<\/span><span style=\"font-weight: 400;\"><br \/>\n<\/span><\/p>\n<p style=\"text-align: center;\"><span style=\"font-weight: 400;\">\u00a0<\/span><\/p>\n<p>[\/vc_column_text][\/vc_column][vc_column width=\u00a0\u00bb1\/6&Prime;][vc_column_text]<\/p>\n<p style=\"text-align: center;\"><span style=\"color: #993366;\"><b>Lyc\u00e9e de la Saussaye &#8211; Sours<br \/>\n<\/b><\/span><span style=\"font-weight: 400;\">Contact :<\/span> <a href=\"mailto:accueilfol@ligue28.org\"><span style=\"font-weight: 400;\">accueilfol@ligue28.org<\/span><\/a><span style=\"font-weight: 400;\">\u00a0<\/span><\/p>\n<p>\u00a0[\/vc_column_text][\/vc_column][vc_column width=\u00a0\u00bb1\/6&Prime;][vc_column_text]<span style=\"color: #993366;\">Avec<\/span>[\/vc_column_text][\/vc_column][vc_column width=\u00a0\u00bb1\/2&Prime;][vc_column_text]<b>La Ligue de l\u2019enseignement 28 propose aux enseignants de prolonger l\u2019aventure du festival <\/b><span style=\"font-weight: 400;\">par une classe de d\u00e9couverte artistique autour du conte : rencontre et pratique avec un conteur.<\/span>[\/vc_column_text][\/vc_column][vc_column][vc_zigzag color=\u00a0\u00bbcustom\u00a0\u00bb custom_color=\u00a0\u00bb#a0005b\u00a0\u00bb][vc_wp_text][\/vc_wp_text][\/vc_column][\/vc_row]<\/p>\n","protected":false},"excerpt":{"rendered":"<p>[vc_row][vc_column width=\u00a0\u00bb1\/6&Prime;][vc_column_text] Du 4 au 8 NOVEMBRE 2024 7 S\u00e9ances Dur\u00e9e 1h \u00c0 partir de 6 ans \u00a0 [\/vc_column_text][\/vc_column][vc_column width=\u00a0\u00bb1\/6&Prime;][vc_column_text] Lyc\u00e9e de la Saussaye &#8211; Sours Contact : accueilfol@ligue28.org\u00a0 \u00a0[\/vc_column_text][\/vc_column][vc_column width=\u00a0\u00bb1\/6&Prime;][vc_column_text]Avec[\/vc_column_text][\/vc_column][vc_column width=\u00a0\u00bb1\/2&Prime;][vc_column_text]La Ligue de l\u2019enseignement 28 propose aux enseignants de prolonger l\u2019aventure du festival par une classe de d\u00e9couverte artistique autour du conte : rencontre et pratique avec un conteur.[\/vc_column_text][\/vc_column][vc_column][vc_zigzag color=\u00a0\u00bbcustom\u00a0\u00bb custom_color=\u00a0\u00bb#a0005b\u00a0\u00bb][vc_wp_text][\/vc_wp_text][\/vc_column][\/vc_row]<\/p>\n","protected":false},"author":2,"featured_media":0,"comment_status":"open","ping_status":"open","sticky":false,"template":"","format":"standard","meta":[],"categories":[58],"tags":[],"_links":{"self":[{"href":"https:\/\/lelegendaire.fr\/index.php\/wp-json\/wp\/v2\/posts\/4105"}],"collection":[{"href":"https:\/\/lelegendaire.fr\/index.php\/wp-json\/wp\/v2\/posts"}],"about":[{"href":"https:\/\/lelegendaire.fr\/index.php\/wp-json\/wp\/v2\/types\/post"}],"author":[{"embeddable":true,"href":"https:\/\/lelegendaire.fr\/index.php\/wp-json\/wp\/v2\/users\/2"}],"replies":[{"embeddable":true,"href":"https:\/\/lelegendaire.fr\/index.php\/wp-json\/wp\/v2\/comments?post=4105"}],"version-history":[{"count":1,"href":"https:\/\/lelegendaire.fr\/index.php\/wp-json\/wp\/v2\/posts\/4105\/revisions"}],"predecessor-version":[{"id":4106,"href":"https:\/\/lelegendaire.fr\/index.php\/wp-json\/wp\/v2\/posts\/4105\/revisions\/4106"}],"wp:attachment":[{"href":"https:\/\/lelegendaire.fr\/index.php\/wp-json\/wp\/v2\/media?parent=4105"}],"wp:term":[{"taxonomy":"category","embeddable":true,"href":"https:\/\/lelegendaire.fr\/index.php\/wp-json\/wp\/v2\/categories?post=4105"},{"taxonomy":"post_tag","embeddable":true,"href":"https:\/\/lelegendaire.fr\/index.php\/wp-json\/wp\/v2\/tags?post=4105"}],"curies":[{"name":"wp","href":"https:\/\/api.w.org\/{rel}","templated":true}]}}