{"id":4397,"date":"2025-09-23T22:29:59","date_gmt":"2025-09-23T20:29:59","guid":{"rendered":"http:\/\/lelegendaire.fr\/?p=4397"},"modified":"2025-10-24T12:03:32","modified_gmt":"2025-10-24T10:03:32","slug":"a-lombre-des-moai","status":"publish","type":"post","link":"https:\/\/lelegendaire.fr\/index.php\/2025\/09\/23\/a-lombre-des-moai\/","title":{"rendered":"A l\u2019ombre des Moai"},"content":{"rendered":"<p>[vc_row][vc_column width=\u00a0\u00bb1\/4&Prime;][vc_column_text]<\/p>\n<p style=\"text-align: center;\"><span style=\"color: #993366;\"><b>27 et 28 novembre 2025<\/b><\/span><\/p>\n<p style=\"text-align: center;\"><b><span style=\"font-weight: 400;\">3 s\u00e9ances<br \/>\n<\/span><\/b><span style=\"font-weight: 400;\">\u00c0 partir de 6 ans<\/span><\/p>\n<p style=\"text-align: center;\"><span style=\"font-weight: 400;\">\u00a0<\/span><\/p>\n<p>[\/vc_column_text][\/vc_column][vc_column width=\u00a0\u00bb1\/4&Prime;][vc_column_text]<\/p>\n<p style=\"text-align: center;\"><span style=\"color: #993366;\"><b>MAINVILLIERS<\/b><\/span><\/p>\n<p style=\"text-align: center;\"><span style=\"color: #993366;\"><b>Salle des f\u00eates<\/b><\/span><\/p>\n<p>[\/vc_column_text][\/vc_column][vc_column width=\u00a0\u00bb1\/4&Prime;][vc_column_text]<span style=\"color: #993366;\">Avec <b>C\u00e9line Ripoll<\/b>, conte et danse<\/span>[\/vc_column_text][\/vc_column][vc_column width=\u00a0\u00bb1\/4&Prime;][vc_column_text]<\/p>\n<p class=\"p1\"><i>Pour les s\u00e9ances scolaires \u00e0 Mainvilliers, r\u00e9servations aupr\u00e8s de la ligue de l\u2019enseignement d\u2019Eure et Loir au : 02 37 84 02 84 &#8211; saperlipopette@ligue28.org<\/i><\/p>\n<p>[\/vc_column_text][\/vc_column][\/vc_row][vc_row][vc_column][vc_zigzag color=\u00a0\u00bbcustom\u00a0\u00bb custom_color=\u00a0\u00bb#a0005b\u00a0\u00bb][vc_wp_text][\/vc_wp_text][\/vc_column][\/vc_row]<\/p>\n","protected":false},"excerpt":{"rendered":"<p>[vc_row][vc_column width=\u00a0\u00bb1\/4&Prime;][vc_column_text] 27 et 28 novembre 2025 3 s\u00e9ances \u00c0 partir de 6 ans \u00a0 [\/vc_column_text][\/vc_column][vc_column width=\u00a0\u00bb1\/4&Prime;][vc_column_text] MAINVILLIERS Salle des f\u00eates [\/vc_column_text][\/vc_column][vc_column width=\u00a0\u00bb1\/4&Prime;][vc_column_text]Avec C\u00e9line Ripoll, conte et danse[\/vc_column_text][\/vc_column][vc_column width=\u00a0\u00bb1\/4&Prime;][vc_column_text] Pour les s\u00e9ances scolaires \u00e0 Mainvilliers, r\u00e9servations aupr\u00e8s de la ligue de l\u2019enseignement d\u2019Eure et Loir au : 02 37 84 02 84 &#8211; saperlipopette@ligue28.org [\/vc_column_text][\/vc_column][\/vc_row][vc_row][vc_column][vc_zigzag color=\u00a0\u00bbcustom\u00a0\u00bb custom_color=\u00a0\u00bb#a0005b\u00a0\u00bb][vc_wp_text][\/vc_wp_text][\/vc_column][\/vc_row]<\/p>\n","protected":false},"author":1,"featured_media":4485,"comment_status":"open","ping_status":"open","sticky":false,"template":"","format":"standard","meta":[],"categories":[64],"tags":[],"_links":{"self":[{"href":"https:\/\/lelegendaire.fr\/index.php\/wp-json\/wp\/v2\/posts\/4397"}],"collection":[{"href":"https:\/\/lelegendaire.fr\/index.php\/wp-json\/wp\/v2\/posts"}],"about":[{"href":"https:\/\/lelegendaire.fr\/index.php\/wp-json\/wp\/v2\/types\/post"}],"author":[{"embeddable":true,"href":"https:\/\/lelegendaire.fr\/index.php\/wp-json\/wp\/v2\/users\/1"}],"replies":[{"embeddable":true,"href":"https:\/\/lelegendaire.fr\/index.php\/wp-json\/wp\/v2\/comments?post=4397"}],"version-history":[{"count":3,"href":"https:\/\/lelegendaire.fr\/index.php\/wp-json\/wp\/v2\/posts\/4397\/revisions"}],"predecessor-version":[{"id":4400,"href":"https:\/\/lelegendaire.fr\/index.php\/wp-json\/wp\/v2\/posts\/4397\/revisions\/4400"}],"wp:featuredmedia":[{"embeddable":true,"href":"https:\/\/lelegendaire.fr\/index.php\/wp-json\/wp\/v2\/media\/4485"}],"wp:attachment":[{"href":"https:\/\/lelegendaire.fr\/index.php\/wp-json\/wp\/v2\/media?parent=4397"}],"wp:term":[{"taxonomy":"category","embeddable":true,"href":"https:\/\/lelegendaire.fr\/index.php\/wp-json\/wp\/v2\/categories?post=4397"},{"taxonomy":"post_tag","embeddable":true,"href":"https:\/\/lelegendaire.fr\/index.php\/wp-json\/wp\/v2\/tags?post=4397"}],"curies":[{"name":"wp","href":"https:\/\/api.w.org\/{rel}","templated":true}]}}