{"id":543,"date":"2019-09-06T12:00:00","date_gmt":"2019-09-06T10:00:00","guid":{"rendered":"http:\/\/lelegendaire.fr\/?p=543"},"modified":"2020-10-20T01:39:45","modified_gmt":"2020-10-19T23:39:45","slug":"conferences","status":"publish","type":"post","link":"https:\/\/lelegendaire.fr\/index.php\/2019\/09\/06\/conferences\/","title":{"rendered":"3 CONF\u00c9RENCES"},"content":{"rendered":"<p>[vc_row][vc_column width=\u00a0\u00bb3\/4&Prime;][vc_column_text]<span style=\"color: #993366;\"><strong>GIGI BIGOT<br \/>\n<span style=\"color: #000000;\"><em>La force \u00e9mancipatrice de la parole symbolique<\/em> &#8211; Conf\u00e9rence cont\u00e9e<\/span><\/strong><\/span><\/p>\n<p><span style=\"color: #000000;\">Pour nourrir cette rencontre, Gigi Bigot, conteuse incontournable de ces 20 derni\u00e8res ann\u00e9es, s\u2019appuiera sur sa pratique professionnelle. Elle y abordera sa recherche sur la parole symbolique : son pouvoir et sa cohabitation avec le langage rationnel.<\/span> A quoi \u00e7a sert de raconter des histoires ? Le po\u00e9tique n\u2019est-il qu\u2019\u00e9vasion du r\u00e9el ou offre-t-il \u00e0 celui qui parle une place pour \u00eatre au monde ? Peut-on t\u00e9moigner avec un conte ? Pour y r\u00e9pondre, elle rendra compte de son parcours professionnel mais aussi de son travail au sein du mouvement ATD Quart Monde. Le propos de Gigi Bigot est clair, vivant, \u00e9maill\u00e9 d\u2019exp\u00e9riences personnelles et illustr\u00e9 d\u2019histoires. Cette rencontre s\u2019adresse \u00e0 tous ceux qui pensent qu\u2019on peut vivre \u201cles pieds sur terre et la t\u00eate dans les \u00e9toiles\u201d.[\/vc_column_text][\/vc_column][vc_column width=\u00a0\u00bb1\/4&Prime;][vc_column_text]<\/p>\n<p style=\"text-align: center;\"><span style=\"color: #993366;\"><strong>SAMEDI 9 NOVEMBRE<\/strong><\/span><br \/>\n<strong>15h30 &gt; 17h<br \/>\n<\/strong>gratuit \/ Pass WE<\/p>\n<p style=\"text-align: center;\"><strong>CHARTRES<\/strong><br \/>\n<strong>L&rsquo;Apostrophe \/<\/strong> auditorium<br \/>\n1 Boulevard Maurice Viollette<br \/>\n<a href=\"https:\/\/www.google.com\/maps\/place\/M%C3%A9diath%C3%A8que+L'Apostrophe\/@48.4458053,1.4812384,17z\/data=!3m1!4b1!4m5!3m4!1s0x47e40c4695123d91:0x3e5e79f5af9bee1a!8m2!3d48.4458053!4d1.4834271\">&gt; carte<\/a><\/p>\n<p>[\/vc_column_text][\/vc_column][\/vc_row][vc_row][vc_column width=\u00a0\u00bb1\/2&Prime;][vc_video link=\u00a0\u00bbhttps:\/\/www.youtube.com\/watch?v=w-__IS04CTg\u00a0\u00bb][\/vc_column][vc_column width=\u00a0\u00bb1\/2&Prime;][vc_video link=\u00a0\u00bbhttps:\/\/www.youtube.com\/watch?v=Lnf23tL8vs0&amp;t=239s\u00a0\u00bb][\/vc_column][\/vc_row][vc_row][vc_column][vc_separator color=\u00a0\u00bbcustom\u00a0\u00bb border_width=\u00a0\u00bb2&Prime; accent_color=\u00a0\u00bb#c91e5d\u00a0\u00bb][\/vc_column][\/vc_row][vc_row][vc_column][vc_column_text][\/vc_column_text][\/vc_column][\/vc_row][vc_row][vc_column width=\u00a0\u00bb3\/4&Prime;][vc_column_text]<span style=\"color: #993366;\"><strong>BERNADETTE BRICOUT<\/strong> &#8211; professeur \u00e9m\u00e9rite universitaire, sp\u00e9cialiste des litt\u00e9ratures orales<strong><br \/>\n<\/strong><\/span><em><strong>Cendrillon ou les pouvoirs de la m\u00e9tamorphose<\/strong><\/em><strong> &#8211; <\/strong><strong>Conf\u00e9rence parsem\u00e9e d\u2019histoires<\/strong><\/p>\n<p>Les contes sont familiers et pourtant inconnus. Une lecture vagabonde du grand conte de Cendrillon se r\u00e9v\u00e9lera plein d\u2019enseignements sur la m\u00e9moire, le deuil, la transmission de m\u00e8re \u00e0 fille, sur la rivalit\u00e9 fraternelle, sur l\u2019amour v\u00e9ritable et les m\u00e9tamorphoses qu\u2019il op\u00e8re.[\/vc_column_text][\/vc_column][vc_column width=\u00a0\u00bb1\/4&Prime;][vc_column_text]<\/p>\n<p style=\"text-align: center;\"><span style=\"color: #993366;\"><strong>SAMEDI 9 NOVEMBRE<\/strong><\/span><br \/>\n<strong>17h30 &gt; 18h30<br \/>\n<\/strong>gratuit \/ Pass WE<\/p>\n<p style=\"text-align: center;\"><strong>CHARTRES<\/strong><br \/>\n<strong>L\u2019Eur\u00e9lium \/<\/strong>\u00a0salle Beauce<br \/>\n11 Rue du Cardinal Pie<br \/>\n<a href=\"https:\/\/www.google.com\/maps\/place\/Eurelium\/@48.4487931,1.4850142,17z\/data=!3m1!4b1!4m5!3m4!1s0x47e40c47ffa41351:0x96acd78db4abdbde!8m2!3d48.4487931!4d1.4872029\">&gt; carte<\/a><\/p>\n<p>[\/vc_column_text][\/vc_column][\/vc_row][vc_row][vc_column width=\u00a0\u00bb1\/2&Prime;][vc_video link=\u00a0\u00bbhttps:\/\/www.youtube.com\/watch?v=tgMrdcyA0fA\u00a0\u00bb][\/vc_column][vc_column width=\u00a0\u00bb1\/2&Prime;][vc_video link=\u00a0\u00bbhttps:\/\/www.youtube.com\/watch?v=8GYRJrE6kkY\u00a0\u00bb][\/vc_column][\/vc_row][vc_row][vc_column][vc_separator color=\u00a0\u00bbcustom\u00a0\u00bb border_width=\u00a0\u00bb2&Prime; accent_color=\u00a0\u00bb#c91e5d\u00a0\u00bb][\/vc_column][\/vc_row][vc_row][vc_column][vc_column_text][\/vc_column_text][\/vc_column][\/vc_row][vc_row][vc_column width=\u00a0\u00bb3\/4&Prime;][vc_column_text]<span style=\"color: #993366;\"><strong>BERNARD SERGENT<\/strong><\/span><br \/>\n<strong>Les M\u00e9tamorphoses dans les mythes<\/strong><\/p>\n<p>Dans la continuit\u00e9 des travaux de Claude L\u00e9vi-Strauss et Georges Dum\u00e9zil, Bernard Sergent avec une approche v\u00e9ritablement scientifique d\u00e9montrera l\u2019importance du th\u00e8me des m\u00e9tamorphoses dans les mythes des diff\u00e9rentes cultures.<\/p>\n<p><a href=\"https:\/\/www.clio.fr\/espace_culturel\/bernard_sergent.asp\" target=\"_blank\" rel=\"noopener noreferrer\">&gt; site de l&rsquo;intervenant<\/a>[\/vc_column_text][\/vc_column][vc_column width=\u00a0\u00bb1\/4&Prime;][vc_column_text]<\/p>\n<p style=\"text-align: center;\"><span style=\"color: #993366;\"><strong>DIMANCHE 10 NOVEMBRE<\/strong><\/span><br \/>\n<strong>16h &gt; 17h<br \/>\n<\/strong>gratuit \/ Pass WE<\/p>\n<p style=\"text-align: center;\"><strong>CHARTRES<\/strong><br \/>\n<strong>L&rsquo;Eur\u00e9lium \/<\/strong> salle Beauce<br \/>\n11 Rue du Cardinal Pie<br \/>\n<a href=\"https:\/\/www.google.com\/maps\/place\/Eurelium\/@48.4487931,1.4850142,17z\/data=!3m1!4b1!4m5!3m4!1s0x47e40c47ffa41351:0x96acd78db4abdbde!8m2!3d48.4487931!4d1.4872029\">&gt; carte<\/a><\/p>\n<p>[\/vc_column_text][\/vc_column][\/vc_row][vc_row][vc_column width=\u00a0\u00bb1\/2&Prime;][vc_video link=\u00a0\u00bbhttps:\/\/www.youtube.com\/watch?time_continue=4&amp;v=yaYTYkTEbBE\u00a0\u00bb][\/vc_column][vc_column width=\u00a0\u00bb1\/2&Prime;][vc_video link=\u00a0\u00bbhttps:\/\/www.youtube.com\/watch?v=TZNB7-G5Ekg\u00a0\u00bb][\/vc_column][\/vc_row][vc_row][vc_column][vc_separator color=\u00a0\u00bbcustom\u00a0\u00bb border_width=\u00a0\u00bb2&Prime; accent_color=\u00a0\u00bb#ba2a64&Prime;][\/vc_column][\/vc_row]<\/p>\n","protected":false},"excerpt":{"rendered":"<p>[vc_row][vc_column width=\u00a0\u00bb3\/4&Prime;][vc_column_text]GIGI BIGOT La force \u00e9mancipatrice de la parole symbolique &#8211; Conf\u00e9rence cont\u00e9e Pour nourrir cette rencontre, Gigi Bigot, conteuse incontournable de ces 20 derni\u00e8res ann\u00e9es, s\u2019appuiera sur sa pratique professionnelle. Elle y abordera sa recherche sur la parole symbolique : son pouvoir et sa cohabitation avec le langage rationnel. A quoi \u00e7a sert de raconter des histoires ? Le po\u00e9tique n\u2019est-il qu\u2019\u00e9vasion du r\u00e9el ou offre-t-il \u00e0 celui qui parle une place pour \u00eatre au monde ? Peut-on t\u00e9moigner avec un conte ? Pour y r\u00e9pondre, elle rendra compte de son parcours professionnel mais aussi de son travail au sein du mouvement ATD Quart Monde. Le propos de Gigi Bigot est clair, vivant, \u00e9maill\u00e9 d\u2019exp\u00e9riences personnelles et illustr\u00e9 d\u2019histoires. Cette rencontre s\u2019adresse \u00e0 tous ceux qui pensent qu\u2019on peut vivre \u201cles pieds sur terre et la t\u00eate dans les \u00e9toiles\u201d.[\/vc_column_text][\/vc_column][vc_column width=\u00a0\u00bb1\/4&Prime;][vc_column_text] SAMEDI 9 NOVEMBRE 15h30 &gt; 17h gratuit \/ Pass WE CHARTRES L&rsquo;Apostrophe \/ auditorium 1 Boulevard Maurice Viollette &gt; carte [\/vc_column_text][\/vc_column][\/vc_row][vc_row][vc_column width=\u00a0\u00bb1\/2&Prime;][vc_video link=\u00a0\u00bbhttps:\/\/www.youtube.com\/watch?v=w-__IS04CTg\u00a0\u00bb][\/vc_column][vc_column width=\u00a0\u00bb1\/2&Prime;][vc_video link=\u00a0\u00bbhttps:\/\/www.youtube.com\/watch?v=Lnf23tL8vs0&amp;t=239s\u00a0\u00bb][\/vc_column][\/vc_row][vc_row][vc_column][vc_separator color=\u00a0\u00bbcustom\u00a0\u00bb border_width=\u00a0\u00bb2&Prime; accent_color=\u00a0\u00bb#c91e5d\u00a0\u00bb][\/vc_column][\/vc_row][vc_row][vc_column][vc_column_text][\/vc_column_text][\/vc_column][\/vc_row][vc_row][vc_column width=\u00a0\u00bb3\/4&Prime;][vc_column_text]BERNADETTE BRICOUT &#8211; professeur \u00e9m\u00e9rite universitaire, sp\u00e9cialiste des litt\u00e9ratures orales Cendrillon ou les pouvoirs de la m\u00e9tamorphose &#8211; Conf\u00e9rence parsem\u00e9e d\u2019histoires Les contes sont familiers et pourtant inconnus. Une lecture vagabonde du grand conte de Cendrillon se r\u00e9v\u00e9lera plein d\u2019enseignements sur la m\u00e9moire, le deuil, la transmission de m\u00e8re \u00e0 fille, sur la rivalit\u00e9 fraternelle, sur l\u2019amour v\u00e9ritable et les m\u00e9tamorphoses qu\u2019il op\u00e8re.[\/vc_column_text][\/vc_column][vc_column width=\u00a0\u00bb1\/4&Prime;][vc_column_text] SAMEDI 9 NOVEMBRE 17h30 &gt; 18h30 gratuit \/ Pass WE CHARTRES L\u2019Eur\u00e9lium \/\u00a0salle Beauce 11 Rue du Cardinal Pie &gt; carte [\/vc_column_text][\/vc_column][\/vc_row][vc_row][vc_column width=\u00a0\u00bb1\/2&Prime;][vc_video link=\u00a0\u00bbhttps:\/\/www.youtube.com\/watch?v=tgMrdcyA0fA\u00a0\u00bb][\/vc_column][vc_column width=\u00a0\u00bb1\/2&Prime;][vc_video link=\u00a0\u00bbhttps:\/\/www.youtube.com\/watch?v=8GYRJrE6kkY\u00a0\u00bb][\/vc_column][\/vc_row][vc_row][vc_column][vc_separator color=\u00a0\u00bbcustom\u00a0\u00bb border_width=\u00a0\u00bb2&Prime; accent_color=\u00a0\u00bb#c91e5d\u00a0\u00bb][\/vc_column][\/vc_row][vc_row][vc_column][vc_column_text][\/vc_column_text][\/vc_column][\/vc_row][vc_row][vc_column width=\u00a0\u00bb3\/4&Prime;][vc_column_text]BERNARD SERGENT Les M\u00e9tamorphoses dans les mythes Dans la continuit\u00e9 des travaux de Claude L\u00e9vi-Strauss et Georges Dum\u00e9zil, Bernard Sergent avec une approche v\u00e9ritablement scientifique d\u00e9montrera l\u2019importance du th\u00e8me des m\u00e9tamorphoses dans les mythes des diff\u00e9rentes cultures. &gt; site de l&rsquo;intervenant[\/vc_column_text][\/vc_column][vc_column width=\u00a0\u00bb1\/4&Prime;][vc_column_text] DIMANCHE 10 NOVEMBRE 16h &gt; 17h gratuit \/ Pass WE CHARTRES L&rsquo;Eur\u00e9lium \/ salle Beauce 11 Rue du Cardinal Pie &gt; carte [\/vc_column_text][\/vc_column][\/vc_row][vc_row][vc_column width=\u00a0\u00bb1\/2&Prime;][vc_video link=\u00a0\u00bbhttps:\/\/www.youtube.com\/watch?time_continue=4&amp;v=yaYTYkTEbBE\u00a0\u00bb][\/vc_column][vc_column width=\u00a0\u00bb1\/2&Prime;][vc_video link=\u00a0\u00bbhttps:\/\/www.youtube.com\/watch?v=TZNB7-G5Ekg\u00a0\u00bb][\/vc_column][\/vc_row][vc_row][vc_column][vc_separator color=\u00a0\u00bbcustom\u00a0\u00bb border_width=\u00a0\u00bb2&Prime; accent_color=\u00a0\u00bb#ba2a64&Prime;][\/vc_column][\/vc_row]<\/p>\n","protected":false},"author":1,"featured_media":2210,"comment_status":"open","ping_status":"open","sticky":false,"template":"","format":"standard","meta":[],"categories":[12],"tags":[],"_links":{"self":[{"href":"https:\/\/lelegendaire.fr\/index.php\/wp-json\/wp\/v2\/posts\/543"}],"collection":[{"href":"https:\/\/lelegendaire.fr\/index.php\/wp-json\/wp\/v2\/posts"}],"about":[{"href":"https:\/\/lelegendaire.fr\/index.php\/wp-json\/wp\/v2\/types\/post"}],"author":[{"embeddable":true,"href":"https:\/\/lelegendaire.fr\/index.php\/wp-json\/wp\/v2\/users\/1"}],"replies":[{"embeddable":true,"href":"https:\/\/lelegendaire.fr\/index.php\/wp-json\/wp\/v2\/comments?post=543"}],"version-history":[{"count":9,"href":"https:\/\/lelegendaire.fr\/index.php\/wp-json\/wp\/v2\/posts\/543\/revisions"}],"predecessor-version":[{"id":993,"href":"https:\/\/lelegendaire.fr\/index.php\/wp-json\/wp\/v2\/posts\/543\/revisions\/993"}],"wp:featuredmedia":[{"embeddable":true,"href":"https:\/\/lelegendaire.fr\/index.php\/wp-json\/wp\/v2\/media\/2210"}],"wp:attachment":[{"href":"https:\/\/lelegendaire.fr\/index.php\/wp-json\/wp\/v2\/media?parent=543"}],"wp:term":[{"taxonomy":"category","embeddable":true,"href":"https:\/\/lelegendaire.fr\/index.php\/wp-json\/wp\/v2\/categories?post=543"},{"taxonomy":"post_tag","embeddable":true,"href":"https:\/\/lelegendaire.fr\/index.php\/wp-json\/wp\/v2\/tags?post=543"}],"curies":[{"name":"wp","href":"https:\/\/api.w.org\/{rel}","templated":true}]}}