{"id":627,"date":"2019-09-12T19:22:48","date_gmt":"2019-09-12T17:22:48","guid":{"rendered":"http:\/\/lelegendaire.fr\/?p=627"},"modified":"2020-07-14T17:59:19","modified_gmt":"2020-07-14T15:59:19","slug":"627","status":"publish","type":"post","link":"https:\/\/lelegendaire.fr\/index.php\/2019\/09\/12\/627\/","title":{"rendered":"Impromptus cont\u00e9s &#8211; aux Artisanales &#8211; Pascal Fauliot \/ \u00c9thel Balogh \/ L&rsquo;Atelier du L\u00e9gendaire"},"content":{"rendered":"<p>[vc_row][vc_column width=\u00a0\u00bb1\/6&Prime;][vc_column_text]<\/p>\n<p style=\"text-align: center;\"><span style=\"color: #993366;\"><strong>Pascal Fauliot<\/strong><\/span><br \/>\n<span style=\"color: #993366;\"><strong>\u00c9thel Balogh<\/strong><\/span><br \/>\n<span style=\"color: #993366;\"><strong>L&rsquo;Atelier du L\u00e9gendaire<\/strong><\/span><br \/>\nconte<br \/>\nmusique<\/p>\n<p>[\/vc_column_text][\/vc_column][vc_column width=\u00a0\u00bb1\/6&Prime;][vc_column_text]<\/p>\n<p style=\"text-align: center;\"><span style=\"color: #993366;\"><strong>DU 11 AU 13 OCTOBRE<\/strong><\/span><br \/>\n\u00e0 partir de 7 ans<br \/>\nsessions de 15 min<br \/>\ngratuit<br \/>\nsans r\u00e9sa<\/p>\n<p>[\/vc_column_text][\/vc_column][vc_column width=\u00a0\u00bb1\/6&Prime;][vc_column_text]<\/p>\n<p style=\"text-align: center;\"><strong><span style=\"color: #993366;\">CHARTRES<\/span><br \/>\n<a href=\"https:\/\/www.les-artisanales.com\/pages\/infos-pratiques-8.html\"><em>Les Artisanales<\/em><\/a><br \/>\n<a href=\"https:\/\/fairehacker.org\/\">espace Faire Hacker<\/a><br \/>\n<\/strong><a href=\"https:\/\/www.google.com\/maps\/place\/Avenue+Jean+Mermoz,+28000+Chartres\/@48.4507287,1.5089806,17z\/data=!3m1!4b1!4m5!3m4!1s0x47e40dc7bb190057:0x5ac03817bfadd3a!8m2!3d48.4507287!4d1.5111746\">&gt; carte<\/a><br \/>\nAvenue Jean Mermoz<\/p>\n<p>[\/vc_column_text][\/vc_column][vc_column width=\u00a0\u00bb1\/2&Prime;][vc_column_text]<\/p>\n<div class=\"entry-content\">\n<div><span style=\"color: #993366;\"><em><strong>Impromptus cont\u00e9s<\/strong><\/em><\/span><br \/>\nLe Festival Faire Hacker \u00e0 Chartres regroupe dans un espace de 1000 m\u00e8tres carr\u00e9s, dont 300 \u00e0 l\u2019ext\u00e9rieur, des stands de d\u00e9monstration, des ateliers d\u2019initiation, des conf\u00e9rences autour des sciences et des techniques, des savoir-faire, de la cr\u00e9ativit\u00e9, de la citoyennet\u00e9, de l\u2019\u00e9cologie, de l\u2019\u00e9ducation, de la fabrication, des cultures Do It Yourself, Makers, des communs\u2026<br \/>\nCet \u00e9v\u00e9nement r\u00e9unira une cinquantaine d\u2019exposants ! Parmi ceux-ci seront pr\u00e9sents des passionn\u00e9s de technologies, des artisans, des amateurs, des ing\u00e9nieurs, des clubs de sciences, des artistes, des \u00e9tudiants et quelques startups.<br \/>\n<strong>Plus de 20\u202f000 visiteurs<\/strong> sont attendus sur les trois jours.<\/div>\n<\/div>\n<p>[\/vc_column_text][\/vc_column][\/vc_row][vc_row][vc_column][vc_video link=\u00a0\u00bbhttps:\/\/www.youtube.com\/watch?time_continue=3&amp;v=8dZhWwp2s8g\u00a0\u00bb][\/vc_column][\/vc_row]<\/p>\n","protected":false},"excerpt":{"rendered":"<p>[vc_row][vc_column width=\u00a0\u00bb1\/6&Prime;][vc_column_text] Pascal Fauliot \u00c9thel Balogh L&rsquo;Atelier du L\u00e9gendaire conte musique [\/vc_column_text][\/vc_column][vc_column width=\u00a0\u00bb1\/6&Prime;][vc_column_text] DU 11 AU 13 OCTOBRE \u00e0 partir de 7 ans sessions de 15 min gratuit sans r\u00e9sa [\/vc_column_text][\/vc_column][vc_column width=\u00a0\u00bb1\/6&Prime;][vc_column_text] CHARTRES Les Artisanales espace Faire Hacker &gt; carte Avenue Jean Mermoz [\/vc_column_text][\/vc_column][vc_column width=\u00a0\u00bb1\/2&Prime;][vc_column_text] Impromptus cont\u00e9s Le Festival Faire Hacker \u00e0 Chartres regroupe dans un espace de 1000 m\u00e8tres carr\u00e9s, dont 300 \u00e0 l\u2019ext\u00e9rieur, des stands de d\u00e9monstration, des ateliers d\u2019initiation, des conf\u00e9rences autour des sciences et des techniques, des savoir-faire, de la cr\u00e9ativit\u00e9, de la citoyennet\u00e9, de l\u2019\u00e9cologie, de l\u2019\u00e9ducation, de la fabrication, des cultures Do It Yourself, Makers, des communs\u2026 Cet \u00e9v\u00e9nement r\u00e9unira une cinquantaine d\u2019exposants ! Parmi ceux-ci seront pr\u00e9sents des passionn\u00e9s de technologies, des artisans, des amateurs, des ing\u00e9nieurs, des clubs de sciences, des artistes, des \u00e9tudiants et quelques startups. Plus de 20\u202f000 visiteurs sont attendus sur les trois jours. [\/vc_column_text][\/vc_column][\/vc_row][vc_row][vc_column][vc_video link=\u00a0\u00bbhttps:\/\/www.youtube.com\/watch?time_continue=3&amp;v=8dZhWwp2s8g\u00a0\u00bb][\/vc_column][\/vc_row]<\/p>\n","protected":false},"author":1,"featured_media":0,"comment_status":"open","ping_status":"open","sticky":false,"template":"","format":"standard","meta":[],"categories":[11],"tags":[],"_links":{"self":[{"href":"https:\/\/lelegendaire.fr\/index.php\/wp-json\/wp\/v2\/posts\/627"}],"collection":[{"href":"https:\/\/lelegendaire.fr\/index.php\/wp-json\/wp\/v2\/posts"}],"about":[{"href":"https:\/\/lelegendaire.fr\/index.php\/wp-json\/wp\/v2\/types\/post"}],"author":[{"embeddable":true,"href":"https:\/\/lelegendaire.fr\/index.php\/wp-json\/wp\/v2\/users\/1"}],"replies":[{"embeddable":true,"href":"https:\/\/lelegendaire.fr\/index.php\/wp-json\/wp\/v2\/comments?post=627"}],"version-history":[{"count":7,"href":"https:\/\/lelegendaire.fr\/index.php\/wp-json\/wp\/v2\/posts\/627\/revisions"}],"predecessor-version":[{"id":1079,"href":"https:\/\/lelegendaire.fr\/index.php\/wp-json\/wp\/v2\/posts\/627\/revisions\/1079"}],"wp:attachment":[{"href":"https:\/\/lelegendaire.fr\/index.php\/wp-json\/wp\/v2\/media?parent=627"}],"wp:term":[{"taxonomy":"category","embeddable":true,"href":"https:\/\/lelegendaire.fr\/index.php\/wp-json\/wp\/v2\/categories?post=627"},{"taxonomy":"post_tag","embeddable":true,"href":"https:\/\/lelegendaire.fr\/index.php\/wp-json\/wp\/v2\/tags?post=627"}],"curies":[{"name":"wp","href":"https:\/\/api.w.org\/{rel}","templated":true}]}}