{"id":649,"date":"2019-09-12T20:17:25","date_gmt":"2019-09-12T18:17:25","guid":{"rendered":"http:\/\/lelegendaire.fr\/?p=649"},"modified":"2020-07-14T17:59:50","modified_gmt":"2020-07-14T15:59:50","slug":"legendes-du-petit-peuple-contes-des-etres-fantastiques-stephane-kneubuhler","status":"publish","type":"post","link":"https:\/\/lelegendaire.fr\/index.php\/2019\/09\/12\/legendes-du-petit-peuple-contes-des-etres-fantastiques-stephane-kneubuhler\/","title":{"rendered":"L\u00e9gendes du Petit Peuple &#8211; contes des \u00eatres fantastiques &#8211; St\u00e9phane Kneubuhler"},"content":{"rendered":"<p>[vc_row][vc_column width=\u00a0\u00bb1\/6&Prime;][vc_column_text]<\/p>\n<p style=\"text-align: center;\"><span style=\"color: #993366;\"><strong>MERCREDI 16 OCTOBRE<\/strong><\/span><br \/>\n<span style=\"color: #993366;\"><strong>15h<\/strong><\/span><br \/>\n\u00e0 partir de 7 ans<br \/>\ndur\u00e9e 55 min<br \/>\ngratuit<br \/>\nr\u00e9sa 02 37 62 85 40<\/p>\n<p>[\/vc_column_text][\/vc_column][vc_column width=\u00a0\u00bb1\/6&Prime;][vc_column_text]<\/p>\n<p style=\"text-align: center;\"><span style=\"color: #993366;\"><strong>VERNOUILLET<\/strong><\/span><br \/>\nBiblioth\u00e8que Jacques Brel<br \/>\n<a href=\"https:\/\/www.google.com\/maps\/place\/2+Chemin+de+Volhard,+28500+Vernouillet\/@48.7196976,1.3545166,17z\/data=!3m1!4b1!4m5!3m4!1s0x47e15567b41b0ae5:0xb2486d03bf61952a!8m2!3d48.7196976!4d1.3567053\">&gt; carte<\/a><br \/>\n2 chemin de Volhard<\/p>\n<p>[\/vc_column_text][\/vc_column][vc_column width=\u00a0\u00bb1\/6&Prime;][vc_column_text]<\/p>\n<p style=\"text-align: center;\"><span style=\"color: #993366;\"><strong>St\u00e9phane Kneubuhler<\/strong><\/span><br \/>\nconte<br \/>\nchant<br \/>\ntambour<\/p>\n<p>[\/vc_column_text][\/vc_column][vc_column width=\u00a0\u00bb1\/2&Prime;][vc_column_text]<strong><em><span style=\"color: #993366;\">L\u00e9gendes du Petit Peuple<\/span> <\/em>&#8211; contes des \u00eatres fantastiques<\/strong><br \/>\nIls ont mille noms, mille aspects ; ils sont l\u00e0 depuis toujours, invisibles et fac\u00e9tieux, cach\u00e9s au plus profond des for\u00eats, dissimul\u00e9s sous les rochers ou dans l\u2019\u00e9corce des arbres. On les appelle Lutins, S\u00f4tr\u00e9s, Farfadets ou Korrigans\u2026 Ce sont les Esprits Sauvages, les Enfants de la For\u00eat. Quand le jour tombe, ils sortent des profondeurs de la terre pour r\u00e9pandre la Magie. Le conteur nous emm\u00e8nera \u00e0 la d\u00e9couverte du monde myst\u00e9rieux du petit peuple.[\/vc_column_text][\/vc_column][\/vc_row]<\/p>\n","protected":false},"excerpt":{"rendered":"<p>[vc_row][vc_column width=\u00a0\u00bb1\/6&Prime;][vc_column_text] MERCREDI 16 OCTOBRE 15h \u00e0 partir de 7 ans dur\u00e9e 55 min gratuit r\u00e9sa 02 37 62 85 40 [\/vc_column_text][\/vc_column][vc_column width=\u00a0\u00bb1\/6&Prime;][vc_column_text] VERNOUILLET Biblioth\u00e8que Jacques Brel &gt; carte 2 chemin de Volhard [\/vc_column_text][\/vc_column][vc_column width=\u00a0\u00bb1\/6&Prime;][vc_column_text] St\u00e9phane Kneubuhler conte chant tambour [\/vc_column_text][\/vc_column][vc_column width=\u00a0\u00bb1\/2&Prime;][vc_column_text]L\u00e9gendes du Petit Peuple &#8211; contes des \u00eatres fantastiques Ils ont mille noms, mille aspects ; ils sont l\u00e0 depuis toujours, invisibles et fac\u00e9tieux, cach\u00e9s au plus profond des for\u00eats, dissimul\u00e9s sous les rochers ou dans l\u2019\u00e9corce des arbres. On les appelle Lutins, S\u00f4tr\u00e9s, Farfadets ou Korrigans\u2026 Ce sont les Esprits Sauvages, les Enfants de la For\u00eat. Quand le jour tombe, ils sortent des profondeurs de la terre pour r\u00e9pandre la Magie. Le conteur nous emm\u00e8nera \u00e0 la d\u00e9couverte du monde myst\u00e9rieux du petit peuple.[\/vc_column_text][\/vc_column][\/vc_row]<\/p>\n","protected":false},"author":1,"featured_media":0,"comment_status":"open","ping_status":"open","sticky":false,"template":"","format":"standard","meta":[],"categories":[11],"tags":[],"_links":{"self":[{"href":"https:\/\/lelegendaire.fr\/index.php\/wp-json\/wp\/v2\/posts\/649"}],"collection":[{"href":"https:\/\/lelegendaire.fr\/index.php\/wp-json\/wp\/v2\/posts"}],"about":[{"href":"https:\/\/lelegendaire.fr\/index.php\/wp-json\/wp\/v2\/types\/post"}],"author":[{"embeddable":true,"href":"https:\/\/lelegendaire.fr\/index.php\/wp-json\/wp\/v2\/users\/1"}],"replies":[{"embeddable":true,"href":"https:\/\/lelegendaire.fr\/index.php\/wp-json\/wp\/v2\/comments?post=649"}],"version-history":[{"count":4,"href":"https:\/\/lelegendaire.fr\/index.php\/wp-json\/wp\/v2\/posts\/649\/revisions"}],"predecessor-version":[{"id":1077,"href":"https:\/\/lelegendaire.fr\/index.php\/wp-json\/wp\/v2\/posts\/649\/revisions\/1077"}],"wp:attachment":[{"href":"https:\/\/lelegendaire.fr\/index.php\/wp-json\/wp\/v2\/media?parent=649"}],"wp:term":[{"taxonomy":"category","embeddable":true,"href":"https:\/\/lelegendaire.fr\/index.php\/wp-json\/wp\/v2\/categories?post=649"},{"taxonomy":"post_tag","embeddable":true,"href":"https:\/\/lelegendaire.fr\/index.php\/wp-json\/wp\/v2\/tags?post=649"}],"curies":[{"name":"wp","href":"https:\/\/api.w.org\/{rel}","templated":true}]}}