{"id":661,"date":"2019-09-12T20:47:27","date_gmt":"2019-09-12T18:47:27","guid":{"rendered":"http:\/\/lelegendaire.fr\/?p=661"},"modified":"2020-07-14T18:00:17","modified_gmt":"2020-07-14T16:00:17","slug":"meme-pas-peur-legendes-fantastiques-du-grand-nord-stephane-kneubuhler","status":"publish","type":"post","link":"https:\/\/lelegendaire.fr\/index.php\/2019\/09\/12\/meme-pas-peur-legendes-fantastiques-du-grand-nord-stephane-kneubuhler\/","title":{"rendered":"M\u00eame pas peur ! &#8211; l\u00e9gendes fantastiques du Grand Nord &#8211; St\u00e9phane Kneubuhler"},"content":{"rendered":"<p>[vc_row][vc_column width=\u00a0\u00bb1\/6&Prime;][vc_column_text]<\/p>\n<p style=\"text-align: center;\"><span style=\"color: #993366;\"><strong>VENDREDI 18 OCTOBRE<\/strong><\/span><br \/>\n<span style=\"color: #993366;\"><strong>17h<\/strong><\/span><br \/>\n\u00e0 partir de 6 ans<br \/>\ndur\u00e9e 50 min<br \/>\ngratuit<br \/>\nr\u00e9sa 02 37 62 83 50<\/p>\n<p>[\/vc_column_text][\/vc_column][vc_column width=\u00a0\u00bb1\/6&Prime;][vc_column_text]<\/p>\n<p style=\"text-align: center;\"><span style=\"color: #993366;\"><strong>VERNOUILLET<\/strong><\/span><br \/>\n<strong>Maison de Quartier de la Tabellionne<br \/>\n<\/strong>7 All\u00e9e De Cheddar<strong><br \/>\n<\/strong><a href=\"https:\/\/www.google.com\/maps\/place\/7+All%C3%A9e+de+Cheddar,+28500+Vernouillet\/@48.7348467,1.3328875,17z\/data=!3m1!4b1!4m5!3m4!1s0x47e155a11d09c63b:0xb9caa2b4f6b71162!8m2!3d48.7348467!4d1.3350762\">&gt; carte<\/a><strong><br \/>\n<\/strong><\/p>\n<p>[\/vc_column_text][\/vc_column][vc_column width=\u00a0\u00bb1\/6&Prime;][vc_column_text]<\/p>\n<p style=\"text-align: center;\"><span style=\"color: #993366;\"><strong>St\u00e9phane Kneubuhler<\/strong><\/span><br \/>\nconte<br \/>\nchant<\/p>\n<p>[\/vc_column_text][\/vc_column][vc_column width=\u00a0\u00bb1\/2&Prime;][vc_column_text]<strong><span style=\"color: #993366;\"><em>M\u00eame pas peur !<\/em> <\/span>&#8211; l\u00e9gendes fantastiques du Grand Nord<br \/>\n<\/strong>Les cr\u00e9atures de la nuit guettent les passants sur le bord du chemin. \u00catres diaboliques, hommes gris et sorci\u00e8res des taillis. Elles peuvent changer de forme \u00e0 l\u2019envie : parfois, elles ressemblent \u00e0 un chien, parfois, elles ressemblent \u00e0 un chat. Elles prennent la forme d\u2019un arbre ou d\u2019un fagot de bois. Elles vous sautent dessus \u00e0 minuit, et dans le creux de votre oreille, elles font un petit bruit&#8230; BOUH ! M\u00eame pas peur. St\u00e9phane Kneubulher conte les histoires de monstres venus des terres du Grand Nord, o\u00f9 habitent les effroyables Trolls, jusqu\u2019aux lacs du Luxembourg o\u00f9 se cache le Kropermann, sans oublier le c\u00e9l\u00e8bre Jack\u2019O Lantern qui hante la nuit d\u2019Halloween.<br \/>\n<a href=\"http:\/\/colporteurdereves.com\/\">&gt; en savoir plus<\/a><strong><br \/>\n<\/strong>[\/vc_column_text][\/vc_column][\/vc_row][vc_row][vc_column][vc_video link=\u00a0\u00bbhttps:\/\/www.dailymotion.com\/video\/xzxmq5&Prime;][\/vc_column][\/vc_row]<\/p>\n","protected":false},"excerpt":{"rendered":"<p>[vc_row][vc_column width=\u00a0\u00bb1\/6&Prime;][vc_column_text] VENDREDI 18 OCTOBRE 17h \u00e0 partir de 6 ans dur\u00e9e 50 min gratuit r\u00e9sa 02 37 62 83 50 [\/vc_column_text][\/vc_column][vc_column width=\u00a0\u00bb1\/6&Prime;][vc_column_text] VERNOUILLET Maison de Quartier de la Tabellionne 7 All\u00e9e De Cheddar &gt; carte [\/vc_column_text][\/vc_column][vc_column width=\u00a0\u00bb1\/6&Prime;][vc_column_text] St\u00e9phane Kneubuhler conte chant [\/vc_column_text][\/vc_column][vc_column width=\u00a0\u00bb1\/2&Prime;][vc_column_text]M\u00eame pas peur ! &#8211; l\u00e9gendes fantastiques du Grand Nord Les cr\u00e9atures de la nuit guettent les passants sur le bord du chemin. \u00catres diaboliques, hommes gris et sorci\u00e8res des taillis. Elles peuvent changer de forme \u00e0 l\u2019envie : parfois, elles ressemblent \u00e0 un chien, parfois, elles ressemblent \u00e0 un chat. Elles prennent la forme d\u2019un arbre ou d\u2019un fagot de bois. Elles vous sautent dessus \u00e0 minuit, et dans le creux de votre oreille, elles font un petit bruit&#8230; BOUH ! M\u00eame pas peur. St\u00e9phane Kneubulher conte les histoires de monstres venus des terres du Grand Nord, o\u00f9 habitent les effroyables Trolls, jusqu\u2019aux lacs du Luxembourg o\u00f9 se cache le Kropermann, sans oublier le c\u00e9l\u00e8bre Jack\u2019O Lantern qui hante la nuit d\u2019Halloween. &gt; en savoir plus [\/vc_column_text][\/vc_column][\/vc_row][vc_row][vc_column][vc_video link=\u00a0\u00bbhttps:\/\/www.dailymotion.com\/video\/xzxmq5&Prime;][\/vc_column][\/vc_row]<\/p>\n","protected":false},"author":1,"featured_media":0,"comment_status":"open","ping_status":"open","sticky":false,"template":"","format":"standard","meta":[],"categories":[11],"tags":[],"_links":{"self":[{"href":"https:\/\/lelegendaire.fr\/index.php\/wp-json\/wp\/v2\/posts\/661"}],"collection":[{"href":"https:\/\/lelegendaire.fr\/index.php\/wp-json\/wp\/v2\/posts"}],"about":[{"href":"https:\/\/lelegendaire.fr\/index.php\/wp-json\/wp\/v2\/types\/post"}],"author":[{"embeddable":true,"href":"https:\/\/lelegendaire.fr\/index.php\/wp-json\/wp\/v2\/users\/1"}],"replies":[{"embeddable":true,"href":"https:\/\/lelegendaire.fr\/index.php\/wp-json\/wp\/v2\/comments?post=661"}],"version-history":[{"count":2,"href":"https:\/\/lelegendaire.fr\/index.php\/wp-json\/wp\/v2\/posts\/661\/revisions"}],"predecessor-version":[{"id":1069,"href":"https:\/\/lelegendaire.fr\/index.php\/wp-json\/wp\/v2\/posts\/661\/revisions\/1069"}],"wp:attachment":[{"href":"https:\/\/lelegendaire.fr\/index.php\/wp-json\/wp\/v2\/media?parent=661"}],"wp:term":[{"taxonomy":"category","embeddable":true,"href":"https:\/\/lelegendaire.fr\/index.php\/wp-json\/wp\/v2\/categories?post=661"},{"taxonomy":"post_tag","embeddable":true,"href":"https:\/\/lelegendaire.fr\/index.php\/wp-json\/wp\/v2\/tags?post=661"}],"curies":[{"name":"wp","href":"https:\/\/api.w.org\/{rel}","templated":true}]}}