{"id":664,"date":"2019-09-12T20:58:08","date_gmt":"2019-09-12T18:58:08","guid":{"rendered":"http:\/\/lelegendaire.fr\/?p=664"},"modified":"2020-07-14T17:59:35","modified_gmt":"2020-07-14T15:59:35","slug":"lhomme-lezard-contes-africains-ange-grah-lionel-patrix","status":"publish","type":"post","link":"https:\/\/lelegendaire.fr\/index.php\/2019\/09\/12\/lhomme-lezard-contes-africains-ange-grah-lionel-patrix\/","title":{"rendered":"L&rsquo;homme l\u00e9zard &#8211; contes africains &#8211; Ange Grah &#038; Lionel Patrix"},"content":{"rendered":"<p>[vc_row][vc_column width=\u00a0\u00bb1\/6&Prime;][vc_column_text]<\/p>\n<p style=\"text-align: center;\"><span style=\"color: #993366;\"><strong>VENDREDI 18 OCTOBRE<\/strong><\/span><br \/>\n<span style=\"color: #993366;\"><strong>19h30<\/strong><\/span><br \/>\n\u00e0 partir de 7 ans<br \/>\ndur\u00e9e 1h<br \/>\ngratuit<br \/>\nr\u00e9sa 06 86 43 48 98<\/p>\n<p>[\/vc_column_text][\/vc_column][vc_column width=\u00a0\u00bb1\/6&Prime;][vc_column_text]<\/p>\n<p style=\"text-align: center;\"><span style=\"color: #993366;\"><strong>NOGENT-LE-ROI<\/strong><\/span><br \/>\n<strong>Salle des F\u00eates<br \/>\n<\/strong>rue des Gren\u00eats<br \/>\n<a href=\"https:\/\/www.google.com\/maps\/place\/Rue+des+Grenets,+28210+Nogent-le-Roi\/@48.6476337,1.5299833,17z\/data=!3m1!4b1!4m5!3m4!1s0x47e40340152c42f9:0x70d230f54193a7d1!8m2!3d48.6476337!4d1.5321773\">&gt; carte<\/a><strong><br \/>\n<\/strong><\/p>\n<p>[\/vc_column_text][\/vc_column][vc_column width=\u00a0\u00bb1\/6&Prime;][vc_column_text]<\/p>\n<p style=\"text-align: center;\"><span style=\"color: #993366;\"><strong>Ange Grah<\/strong><\/span><br \/>\nconte<br \/>\nchant<br \/>\n<span style=\"color: #993366;\"><strong>Lionel Patrix<\/strong><\/span><br \/>\nclavier<\/p>\n<p>[\/vc_column_text][\/vc_column][vc_column width=\u00a0\u00bb1\/2&Prime;][vc_column_text]<strong><span style=\"color: #993366;\"><em>L&rsquo;homme l\u00e9zard<\/em> <\/span>&#8211; contes africains<\/strong><br \/>\nAussit\u00f4t le soleil couch\u00e9, lentement un l\u00e9zard se glisse hors de son abri. D\u00e8s qu\u2019il touche la terre, il se transforme en homme. Soigneusement il enl\u00e8ve sa peau de l\u00e9zard et la cache dans le trou de l\u2019arbre, puis il se pare. Son \u0153il brille, il est beau comme un dieu. Il rejoint la f\u00eate au village, l\u00e0-bas on danse d\u00e9j\u00e0. D\u2019un pas rapide et rythm\u00e9, il se fond dans la danse. Mais bient\u00f4t l\u2019aube va para\u00eetre. Ange Grah le fils de la parole, figure montante du conte ivoirien contera en musique des histoires qui se transmettent avec joie et humour aux plus aventureux esprits<br \/>\n<a href=\"https:\/\/lamaisonduconte.com\/laborantin\/ange-grah\/\">&gt; en savoir plus<\/a>[\/vc_column_text][\/vc_column][\/vc_row][vc_row][vc_column][vc_video link=\u00a0\u00bbhttps:\/\/www.youtube.com\/watch?v=dGVWs7F6e0c\u00a0\u00bb][\/vc_column][\/vc_row]<\/p>\n","protected":false},"excerpt":{"rendered":"<p>[vc_row][vc_column width=\u00a0\u00bb1\/6&Prime;][vc_column_text] VENDREDI 18 OCTOBRE 19h30 \u00e0 partir de 7 ans dur\u00e9e 1h gratuit r\u00e9sa 06 86 43 48 98 [\/vc_column_text][\/vc_column][vc_column width=\u00a0\u00bb1\/6&Prime;][vc_column_text] NOGENT-LE-ROI Salle des F\u00eates rue des Gren\u00eats &gt; carte [\/vc_column_text][\/vc_column][vc_column width=\u00a0\u00bb1\/6&Prime;][vc_column_text] Ange Grah conte chant Lionel Patrix clavier [\/vc_column_text][\/vc_column][vc_column width=\u00a0\u00bb1\/2&Prime;][vc_column_text]L&rsquo;homme l\u00e9zard &#8211; contes africains Aussit\u00f4t le soleil couch\u00e9, lentement un l\u00e9zard se glisse hors de son abri. D\u00e8s qu\u2019il touche la terre, il se transforme en homme. Soigneusement il enl\u00e8ve sa peau de l\u00e9zard et la cache dans le trou de l\u2019arbre, puis il se pare. Son \u0153il brille, il est beau comme un dieu. Il rejoint la f\u00eate au village, l\u00e0-bas on danse d\u00e9j\u00e0. D\u2019un pas rapide et rythm\u00e9, il se fond dans la danse. Mais bient\u00f4t l\u2019aube va para\u00eetre. Ange Grah le fils de la parole, figure montante du conte ivoirien contera en musique des histoires qui se transmettent avec joie et humour aux plus aventureux esprits &gt; en savoir plus[\/vc_column_text][\/vc_column][\/vc_row][vc_row][vc_column][vc_video link=\u00a0\u00bbhttps:\/\/www.youtube.com\/watch?v=dGVWs7F6e0c\u00a0\u00bb][\/vc_column][\/vc_row]<\/p>\n","protected":false},"author":1,"featured_media":0,"comment_status":"open","ping_status":"open","sticky":false,"template":"","format":"standard","meta":[],"categories":[11],"tags":[],"_links":{"self":[{"href":"https:\/\/lelegendaire.fr\/index.php\/wp-json\/wp\/v2\/posts\/664"}],"collection":[{"href":"https:\/\/lelegendaire.fr\/index.php\/wp-json\/wp\/v2\/posts"}],"about":[{"href":"https:\/\/lelegendaire.fr\/index.php\/wp-json\/wp\/v2\/types\/post"}],"author":[{"embeddable":true,"href":"https:\/\/lelegendaire.fr\/index.php\/wp-json\/wp\/v2\/users\/1"}],"replies":[{"embeddable":true,"href":"https:\/\/lelegendaire.fr\/index.php\/wp-json\/wp\/v2\/comments?post=664"}],"version-history":[{"count":3,"href":"https:\/\/lelegendaire.fr\/index.php\/wp-json\/wp\/v2\/posts\/664\/revisions"}],"predecessor-version":[{"id":1070,"href":"https:\/\/lelegendaire.fr\/index.php\/wp-json\/wp\/v2\/posts\/664\/revisions\/1070"}],"wp:attachment":[{"href":"https:\/\/lelegendaire.fr\/index.php\/wp-json\/wp\/v2\/media?parent=664"}],"wp:term":[{"taxonomy":"category","embeddable":true,"href":"https:\/\/lelegendaire.fr\/index.php\/wp-json\/wp\/v2\/categories?post=664"},{"taxonomy":"post_tag","embeddable":true,"href":"https:\/\/lelegendaire.fr\/index.php\/wp-json\/wp\/v2\/tags?post=664"}],"curies":[{"name":"wp","href":"https:\/\/api.w.org\/{rel}","templated":true}]}}