{"id":668,"date":"2019-09-12T21:22:49","date_gmt":"2019-09-12T19:22:49","guid":{"rendered":"http:\/\/lelegendaire.fr\/?p=668"},"modified":"2020-07-14T17:59:43","modified_gmt":"2020-07-14T15:59:43","slug":"668","status":"publish","type":"post","link":"https:\/\/lelegendaire.fr\/index.php\/2019\/09\/12\/668\/","title":{"rendered":"La belle aventure &#8211; vernissage et spectacle &#8211; St\u00e9phane Kneubuhler \/ Anne-Marie Zylberman"},"content":{"rendered":"<p>[vc_row][vc_column width=\u00a0\u00bb1\/6&Prime;][vc_column_text]<\/p>\n<p style=\"text-align: center;\"><span style=\"color: #993366;\"><strong>SAMEDI 19 OCTOBRE<\/strong><\/span><br \/>\n<span style=\"color: #993366;\"><strong>19h<\/strong><\/span><br \/>\n\u00e0 partir de 7 ans<br \/>\n30 min<br \/>\ngratuit<\/p>\n<p>[\/vc_column_text][\/vc_column][vc_column width=\u00a0\u00bb1\/6&Prime;][vc_column_text]<\/p>\n<p style=\"text-align: center;\"><span style=\"color: #993366;\"><strong>AUNEAU<\/strong><\/span><br \/>\n<strong>M\u00e9diath\u00e8que Espace Dagron<\/strong><br \/>\n2-4 Place du March\u00e9<br \/>\n<a href=\"https:\/\/www.google.com\/maps\/place\/Espace+Dagron+-+Centre+d'expositions+et+%C3%A9v%C3%A8nements+d'Auneau-Bleury-St-Symphorien\/@48.4612852,1.7708853,17z\/data=!3m1!4b1!4m5!3m4!1s0x47e43e9cb8ffa2ef:0x6504ad83ed9d7496!8m2!3d48.4612852!4d1.773074\">&gt; carte<\/a><\/p>\n<p>[\/vc_column_text][\/vc_column][vc_column width=\u00a0\u00bb1\/6&Prime;][vc_column_text]<\/p>\n<p style=\"text-align: center;\"><span style=\"color: #993366;\"><strong>St\u00e9phane Kneubuhler<\/strong><\/span><br \/>\nconte<br \/>\nchant<\/p>\n<p>[\/vc_column_text][\/vc_column][vc_column width=\u00a0\u00bb1\/2&Prime;][vc_column_text]<strong><span style=\"color: #993366;\"><em>La belle aventure<\/em><\/span> &#8211; conte et tableaux<\/strong><br \/>\nParmi les \u0153uvres de la peintre du <em>L\u00e9gendaire<\/em> Anne-Marie Zylberman, le conteur St\u00e9phane Kneubuhler s&rsquo;inspirera des grandes th\u00e9matiques du festival depuis ses d\u00e9buts en 2000, pour un temps cont\u00e9, avant d&#8217;emmener en chanson tel un colporteur de r\u00eaves comme il se d\u00e9finit, le public jusqu&rsquo;\u00e0 la salle de spectacles du Caf\u00e9(s).<br \/>\n<a href=\"http:\/\/colporteurdereves.com\/\">&gt; en savoir plus sur St\u00e9phane Kneubuhler<\/a>[\/vc_column_text][\/vc_column][\/vc_row][vc_row][vc_column width=\u00a0\u00bb1\/6&Prime;][vc_column_text]<\/p>\n<p style=\"text-align: center;\"><span style=\"color: #993366;\"><strong>SAMEDI 19 OCTOBRE<\/strong><\/span><br \/>\n<span style=\"color: #993366;\"><strong>18h30<\/strong><\/span><br \/>\ntout public<br \/>\ngratuit<\/p>\n<p>[\/vc_column_text][\/vc_column][vc_column width=\u00a0\u00bb1\/6&Prime;][vc_column_text]<\/p>\n<p style=\"text-align: center;\"><span style=\"color: #993366;\"><strong>AUNEAU<\/strong><\/span><br \/>\n<strong>M\u00e9diath\u00e8que Espace Dagron<\/strong><br \/>\n2-4 Place du March\u00e9<br \/>\n<a href=\"https:\/\/www.google.com\/maps\/place\/Espace+Dagron+-+Centre+d'expositions+et+%C3%A9v%C3%A8nements+d'Auneau-Bleury-St-Symphorien\/@48.4612852,1.7708853,17z\/data=!3m1!4b1!4m5!3m4!1s0x47e43e9cb8ffa2ef:0x6504ad83ed9d7496!8m2!3d48.4612852!4d1.773074\">&gt; carte<\/a><\/p>\n<p>[\/vc_column_text][\/vc_column][vc_column width=\u00a0\u00bb1\/6&Prime;][vc_column_text]<\/p>\n<p style=\"text-align: center;\"><span style=\"color: #993366;\"><strong>Anne-Marie Zylberman<\/strong><\/span><br \/>\npeinture<\/p>\n<p>[\/vc_column_text][\/vc_column][vc_column width=\u00a0\u00bb1\/2&Prime;][vc_column_text]<strong><span style=\"color: #993366;\"><em>20 ans d&rsquo;affiche du L\u00e9gendaire<\/em><\/span> &#8211; Vernissage de l&rsquo;exposition de tableaux<br \/>\n<\/strong>Apr\u00e8s des \u00e9tudes sup\u00e9rieures d\u2019arts graphiques (Peninghen),elle dessine des affiches pour la publicit\u00e9 puis devient styliste (Kenzo, Chakok, G\u00e9rard Darel, Ventilo, Galeries Lafayette, \u2026) Elle voyage beaucoup en Asie pour son travail avant de s\u2019installer d\u00e9finitivement \u00e0 Paris o\u00f9 elle finit par se consacrer enti\u00e8rement \u00e0 la peinture. Elle trouve sa voie dans un onirisme qui allie l\u2019abstrait et le figuratif, imaginant ainsi un nouveau symbolisme d\u00e9di\u00e9 \u00e0 l\u2019\u00e9ternel f\u00e9minin. Sa technique mixte m\u00e9lange et superpose peintures \u00e0 huile et acrylique, tissus, papiers, feuilles d\u2019or, v\u00e9g\u00e9taux, donnant \u00e0 ses toiles une profondeur, un relief et une luminosit\u00e9 remarquables.<br \/>\n<a href=\"https:\/\/amzylberman.wordpress.com\/\">&gt; en savoir plus sur Anne-Marie Zylberman<\/a>[\/vc_column_text][\/vc_column][\/vc_row][vc_row][vc_column][vc_zigzag][\/vc_column][vc_column][vc_column_text]<\/p>\n<p style=\"text-align: center;\"><strong>CONTINUER LA SOIR\u00c9E L\u00c9GENDAIRE<br \/>\nau foyer Culturel <\/strong><strong>en partenariat avec le <a href=\"http:\/\/www.cafesauneau.fr\/\">Caf\u00e9(s<\/a><\/strong><\/p>\n<p>[\/vc_column_text][\/vc_column][\/vc_row][vc_row][vc_column width=\u00a0\u00bb1\/6&Prime;][vc_column_text]<\/p>\n<p style=\"text-align: center;\"><span style=\"color: #993366;\"><strong>SAMEDI 19 OCTOBRE<\/strong><\/span><br \/>\n<span style=\"color: #993366;\"><strong>21h<\/strong><\/span><br \/>\n\u00e0 partir de 7 ans<br \/>\ndur\u00e9e 1h<br \/>\ngratuit<br \/>\nr\u00e9sa 02 37 91 90 90<\/p>\n<p>[\/vc_column_text][\/vc_column][vc_column width=\u00a0\u00bb1\/6&Prime;][vc_column_text]<\/p>\n<p style=\"text-align: center;\"><span style=\"color: #993366;\"><strong>AUNEAU<\/strong><\/span><br \/>\n<strong>Foyer culturel<\/strong><br \/>\n9 Rue de Dunkerque<br \/>\n<a href=\"https:\/\/www.google.com\/maps\/place\/Foyer+Culturel\/@48.4645033,1.7651094,17z\/data=!3m1!4b1!4m5!3m4!1s0x47e43e8206adda4d:0xb1eb21ef314950f6!8m2!3d48.4645033!4d1.7672981\">&gt; carte<\/a><\/p>\n<p>[\/vc_column_text][\/vc_column][vc_column width=\u00a0\u00bb1\/6&Prime;][vc_column_text]<\/p>\n<p style=\"text-align: center;\"><span style=\"color: #993366;\"><b>Sylvie Mombo<br \/>\n<\/b><\/span>conte<br \/>\n<span style=\"color: #993366;\"><strong>Z\u00e9ki Ayad Colash<\/strong><\/span><br \/>\noud<br \/>\nsaz<br \/>\nchant<\/p>\n<p>[\/vc_column_text][\/vc_column][vc_column width=\u00a0\u00bb1\/2&Prime;][vc_column_text]<strong><span style=\"color: #993366;\"><em>Manteau de plumes et Souliers de fer<\/em><\/span> &#8211; contes merveilleux et musiques ottomanes<br \/>\n<\/strong>Une jeune fille s\u2019ennuie. Elle n\u2019est pas en forme. Justement, sa s\u0153ur a\u00een\u00e9e lui propose de prendre une autre forme\u2026 celle d\u2019un oiseau, pour commencer. Un jeune homme joue aux cartes avec le Diable, y perd sa bourse et son \u00e2me. C\u2019est, pour lui, le d\u00e9but d\u2019une profonde transformation int\u00e9rieure. La rencontre des deux jeunes gens marquera la naissance d\u2019une aventure extraordinaire. De celle qui nous laisse \u00e0 bout de souffle\u2026<br \/>\n<a href=\"https:\/\/amzylberman.wordpress.comhttps:\/\/www.sylviemombolaconteuse.com\/\">&gt; en savoir plus sur Sylvie Mombo<\/a>[\/vc_column_text][\/vc_column][\/vc_row]<\/p>\n","protected":false},"excerpt":{"rendered":"<p>[vc_row][vc_column width=\u00a0\u00bb1\/6&Prime;][vc_column_text] SAMEDI 19 OCTOBRE 19h \u00e0 partir de 7 ans 30 min gratuit [\/vc_column_text][\/vc_column][vc_column width=\u00a0\u00bb1\/6&Prime;][vc_column_text] AUNEAU M\u00e9diath\u00e8que Espace Dagron 2-4 Place du March\u00e9 &gt; carte [\/vc_column_text][\/vc_column][vc_column width=\u00a0\u00bb1\/6&Prime;][vc_column_text] St\u00e9phane Kneubuhler conte chant [\/vc_column_text][\/vc_column][vc_column width=\u00a0\u00bb1\/2&Prime;][vc_column_text]La belle aventure &#8211; conte et tableaux Parmi les \u0153uvres de la peintre du L\u00e9gendaire Anne-Marie Zylberman, le conteur St\u00e9phane Kneubuhler s&rsquo;inspirera des grandes th\u00e9matiques du festival depuis ses d\u00e9buts en 2000, pour un temps cont\u00e9, avant d&#8217;emmener en chanson tel un colporteur de r\u00eaves comme il se d\u00e9finit, le public jusqu&rsquo;\u00e0 la salle de spectacles du Caf\u00e9(s). &gt; en savoir plus sur St\u00e9phane Kneubuhler[\/vc_column_text][\/vc_column][\/vc_row][vc_row][vc_column width=\u00a0\u00bb1\/6&Prime;][vc_column_text] SAMEDI 19 OCTOBRE 18h30 tout public gratuit [\/vc_column_text][\/vc_column][vc_column width=\u00a0\u00bb1\/6&Prime;][vc_column_text] AUNEAU M\u00e9diath\u00e8que Espace Dagron 2-4 Place du March\u00e9 &gt; carte [\/vc_column_text][\/vc_column][vc_column width=\u00a0\u00bb1\/6&Prime;][vc_column_text] Anne-Marie Zylberman peinture [\/vc_column_text][\/vc_column][vc_column width=\u00a0\u00bb1\/2&Prime;][vc_column_text]20 ans d&rsquo;affiche du L\u00e9gendaire &#8211; Vernissage de l&rsquo;exposition de tableaux Apr\u00e8s des \u00e9tudes sup\u00e9rieures d\u2019arts graphiques (Peninghen),elle dessine des affiches pour la publicit\u00e9 puis devient styliste (Kenzo, Chakok, G\u00e9rard Darel, Ventilo, Galeries Lafayette, \u2026) Elle voyage beaucoup en Asie pour son travail avant de s\u2019installer d\u00e9finitivement \u00e0 Paris o\u00f9 elle finit par se consacrer enti\u00e8rement \u00e0 la peinture. Elle trouve sa voie dans un onirisme qui allie l\u2019abstrait et le figuratif, imaginant ainsi un nouveau symbolisme d\u00e9di\u00e9 \u00e0 l\u2019\u00e9ternel f\u00e9minin. Sa technique mixte m\u00e9lange et superpose peintures \u00e0 huile et acrylique, tissus, papiers, feuilles d\u2019or, v\u00e9g\u00e9taux, donnant \u00e0 ses toiles une profondeur, un relief et une luminosit\u00e9 remarquables. &gt; en savoir plus sur Anne-Marie Zylberman[\/vc_column_text][\/vc_column][\/vc_row][vc_row][vc_column][vc_zigzag][\/vc_column][vc_column][vc_column_text] CONTINUER LA SOIR\u00c9E L\u00c9GENDAIRE au foyer Culturel en partenariat avec le Caf\u00e9(s [\/vc_column_text][\/vc_column][\/vc_row][vc_row][vc_column width=\u00a0\u00bb1\/6&Prime;][vc_column_text] SAMEDI 19 OCTOBRE 21h \u00e0 partir de 7 ans dur\u00e9e 1h gratuit r\u00e9sa 02 37 91 90 90 [\/vc_column_text][\/vc_column][vc_column width=\u00a0\u00bb1\/6&Prime;][vc_column_text] AUNEAU Foyer culturel 9 Rue de Dunkerque &gt; carte [\/vc_column_text][\/vc_column][vc_column width=\u00a0\u00bb1\/6&Prime;][vc_column_text] Sylvie Mombo conte Z\u00e9ki Ayad Colash oud saz chant [\/vc_column_text][\/vc_column][vc_column width=\u00a0\u00bb1\/2&Prime;][vc_column_text]Manteau de plumes et Souliers de fer &#8211; contes merveilleux et musiques ottomanes Une jeune fille s\u2019ennuie. Elle n\u2019est pas en forme. Justement, sa s\u0153ur a\u00een\u00e9e lui propose de prendre une autre forme\u2026 celle d\u2019un oiseau, pour commencer. Un jeune homme joue aux cartes avec le Diable, y perd sa bourse et son \u00e2me. C\u2019est, pour lui, le d\u00e9but d\u2019une profonde transformation int\u00e9rieure. La rencontre des deux jeunes gens marquera la naissance d\u2019une aventure extraordinaire. De celle qui nous laisse \u00e0 bout de souffle\u2026 &gt; en savoir plus sur Sylvie Mombo[\/vc_column_text][\/vc_column][\/vc_row]<\/p>\n","protected":false},"author":1,"featured_media":0,"comment_status":"open","ping_status":"open","sticky":false,"template":"","format":"standard","meta":[],"categories":[11],"tags":[],"_links":{"self":[{"href":"https:\/\/lelegendaire.fr\/index.php\/wp-json\/wp\/v2\/posts\/668"}],"collection":[{"href":"https:\/\/lelegendaire.fr\/index.php\/wp-json\/wp\/v2\/posts"}],"about":[{"href":"https:\/\/lelegendaire.fr\/index.php\/wp-json\/wp\/v2\/types\/post"}],"author":[{"embeddable":true,"href":"https:\/\/lelegendaire.fr\/index.php\/wp-json\/wp\/v2\/users\/1"}],"replies":[{"embeddable":true,"href":"https:\/\/lelegendaire.fr\/index.php\/wp-json\/wp\/v2\/comments?post=668"}],"version-history":[{"count":11,"href":"https:\/\/lelegendaire.fr\/index.php\/wp-json\/wp\/v2\/posts\/668\/revisions"}],"predecessor-version":[{"id":1071,"href":"https:\/\/lelegendaire.fr\/index.php\/wp-json\/wp\/v2\/posts\/668\/revisions\/1071"}],"wp:attachment":[{"href":"https:\/\/lelegendaire.fr\/index.php\/wp-json\/wp\/v2\/media?parent=668"}],"wp:term":[{"taxonomy":"category","embeddable":true,"href":"https:\/\/lelegendaire.fr\/index.php\/wp-json\/wp\/v2\/categories?post=668"},{"taxonomy":"post_tag","embeddable":true,"href":"https:\/\/lelegendaire.fr\/index.php\/wp-json\/wp\/v2\/tags?post=668"}],"curies":[{"name":"wp","href":"https:\/\/api.w.org\/{rel}","templated":true}]}}