{"id":679,"date":"2019-09-12T22:03:51","date_gmt":"2019-09-12T20:03:51","guid":{"rendered":"http:\/\/lelegendaire.fr\/?p=679"},"modified":"2020-07-14T18:00:03","modified_gmt":"2020-07-14T16:00:03","slug":"les-souliers-de-fer-contes-et-musiques-tziganes-armelle-et-peppo-audigane","status":"publish","type":"post","link":"https:\/\/lelegendaire.fr\/index.php\/2019\/09\/12\/les-souliers-de-fer-contes-et-musiques-tziganes-armelle-et-peppo-audigane\/","title":{"rendered":"Les Souliers de fer &#8211; contes et musiques tziganes &#8211; Armelle et Peppo Audigane"},"content":{"rendered":"<p>[vc_row][vc_column width=\u00a0\u00bb1\/6&Prime;][vc_column_text]<\/p>\n<p style=\"text-align: center;\"><span style=\"color: #993366;\"><strong>MARDI 22 OCTOBRE<\/strong><\/span><br \/>\n<span style=\"color: #993366;\"><strong>14h30<\/strong><\/span><br \/>\n\u00e0 partir de 7 ans<br \/>\ndur\u00e9e 1h<br \/>\ngratuit r\u00e9sa<br \/>\n02 37 24 17 85<\/p>\n<p>[\/vc_column_text][\/vc_column][vc_column width=\u00a0\u00bb1\/6&Prime;][vc_column_text]<\/p>\n<p style=\"text-align: center;\"><span style=\"color: #993366;\"><strong>ILLIERS-COMBRAY<\/strong><\/span><br \/>\n<strong>Salle des f\u00eates G. Billebault<\/strong><br \/>\n6 Avenue Foch<br \/>\n<a href=\"https:\/\/www.google.com\/maps\/search\/illiers+combray+Salle+des+f%C3%AAtes+G.Billebault+6+Avenue+Foch\/@48.3002599,1.2451292,17z\/data=!3m1!4b1\">&gt; carte<\/a><\/p>\n<p>[\/vc_column_text][\/vc_column][vc_column width=\u00a0\u00bb1\/6&Prime;][vc_column_text]<\/p>\n<p style=\"text-align: center;\"><span style=\"color: #993366;\"><strong>Armelle Audigane<\/strong><\/span><br \/>\nconte<br \/>\n<span style=\"color: #993366;\"><strong>Peppo Audigane<\/strong><\/span><br \/>\naccord\u00e9on<br \/>\nfl\u00fbtes<br \/>\npercussions<\/p>\n<p>[\/vc_column_text][\/vc_column][vc_column width=\u00a0\u00bb1\/2&Prime;][vc_column_text]<strong><span style=\"color: #993366;\"><em>Les Souliers de fer<\/em><\/span> &#8211; contes et musiques tziganes<\/strong><br \/>\nDans ce nouveau r\u00e9pertoire, les artistes tziganes, Armelle et Peppo Audigane racontent des contes merveilleux de l\u2019Europe de l\u2019Est, o\u00f9 des transgressions sont \u00e0 l&rsquo;origine des m\u00e9tamorphoses. Les\u00a0 motivations et les d\u00e9terminations des h\u00e9ros, r\u00e9veillent la part animale qui sommeille en eux. Chacun d\u2019eux va devoir n\u00e9gocier avec son animalit\u00e9, et nous permette ainsi d\u2019explorer des chemins interdits et secrets. Au c\u0153ur de ces histoires, le d\u00e9sir d\u2019aller et d\u2019aimer, est plus fort que le renoncement et la peur de l\u2019inconnu. Les mots d\u2019Armelle sont accompagn\u00e9s par la musique improvis\u00e9e de Peppo sur des th\u00e8mes traditionnels des Balkans.<br \/>\n<a href=\"https:\/\/www.armellepeppo.com\/les-souliers-de-fer\">&gt; en savoir plus sur les Audigane<\/a>[\/vc_column_text][\/vc_column][\/vc_row][vc_row][vc_column width=\u00a0\u00bb1\/2&Prime;][vc_video link=\u00a0\u00bbhttps:\/\/vimeo.com\/203008023&Prime;][\/vc_column][vc_column width=\u00a0\u00bb1\/2&Prime;][vc_video link=\u00a0\u00bbhttps:\/\/www.youtube.com\/watch?v=xlFil8edwjA\u00a0\u00bb][\/vc_column][\/vc_row]<\/p>\n","protected":false},"excerpt":{"rendered":"<p>[vc_row][vc_column width=\u00a0\u00bb1\/6&Prime;][vc_column_text] MARDI 22 OCTOBRE 14h30 \u00e0 partir de 7 ans dur\u00e9e 1h gratuit r\u00e9sa 02 37 24 17 85 [\/vc_column_text][\/vc_column][vc_column width=\u00a0\u00bb1\/6&Prime;][vc_column_text] ILLIERS-COMBRAY Salle des f\u00eates G. Billebault 6 Avenue Foch &gt; carte [\/vc_column_text][\/vc_column][vc_column width=\u00a0\u00bb1\/6&Prime;][vc_column_text] Armelle Audigane conte Peppo Audigane accord\u00e9on fl\u00fbtes percussions [\/vc_column_text][\/vc_column][vc_column width=\u00a0\u00bb1\/2&Prime;][vc_column_text]Les Souliers de fer &#8211; contes et musiques tziganes Dans ce nouveau r\u00e9pertoire, les artistes tziganes, Armelle et Peppo Audigane racontent des contes merveilleux de l\u2019Europe de l\u2019Est, o\u00f9 des transgressions sont \u00e0 l&rsquo;origine des m\u00e9tamorphoses. Les\u00a0 motivations et les d\u00e9terminations des h\u00e9ros, r\u00e9veillent la part animale qui sommeille en eux. Chacun d\u2019eux va devoir n\u00e9gocier avec son animalit\u00e9, et nous permette ainsi d\u2019explorer des chemins interdits et secrets. Au c\u0153ur de ces histoires, le d\u00e9sir d\u2019aller et d\u2019aimer, est plus fort que le renoncement et la peur de l\u2019inconnu. Les mots d\u2019Armelle sont accompagn\u00e9s par la musique improvis\u00e9e de Peppo sur des th\u00e8mes traditionnels des Balkans. &gt; en savoir plus sur les Audigane[\/vc_column_text][\/vc_column][\/vc_row][vc_row][vc_column width=\u00a0\u00bb1\/2&Prime;][vc_video link=\u00a0\u00bbhttps:\/\/vimeo.com\/203008023&Prime;][\/vc_column][vc_column width=\u00a0\u00bb1\/2&Prime;][vc_video link=\u00a0\u00bbhttps:\/\/www.youtube.com\/watch?v=xlFil8edwjA\u00a0\u00bb][\/vc_column][\/vc_row]<\/p>\n","protected":false},"author":1,"featured_media":0,"comment_status":"open","ping_status":"open","sticky":false,"template":"","format":"standard","meta":[],"categories":[11],"tags":[],"_links":{"self":[{"href":"https:\/\/lelegendaire.fr\/index.php\/wp-json\/wp\/v2\/posts\/679"}],"collection":[{"href":"https:\/\/lelegendaire.fr\/index.php\/wp-json\/wp\/v2\/posts"}],"about":[{"href":"https:\/\/lelegendaire.fr\/index.php\/wp-json\/wp\/v2\/types\/post"}],"author":[{"embeddable":true,"href":"https:\/\/lelegendaire.fr\/index.php\/wp-json\/wp\/v2\/users\/1"}],"replies":[{"embeddable":true,"href":"https:\/\/lelegendaire.fr\/index.php\/wp-json\/wp\/v2\/comments?post=679"}],"version-history":[{"count":4,"href":"https:\/\/lelegendaire.fr\/index.php\/wp-json\/wp\/v2\/posts\/679\/revisions"}],"predecessor-version":[{"id":1066,"href":"https:\/\/lelegendaire.fr\/index.php\/wp-json\/wp\/v2\/posts\/679\/revisions\/1066"}],"wp:attachment":[{"href":"https:\/\/lelegendaire.fr\/index.php\/wp-json\/wp\/v2\/media?parent=679"}],"wp:term":[{"taxonomy":"category","embeddable":true,"href":"https:\/\/lelegendaire.fr\/index.php\/wp-json\/wp\/v2\/categories?post=679"},{"taxonomy":"post_tag","embeddable":true,"href":"https:\/\/lelegendaire.fr\/index.php\/wp-json\/wp\/v2\/tags?post=679"}],"curies":[{"name":"wp","href":"https:\/\/api.w.org\/{rel}","templated":true}]}}