{"id":681,"date":"2019-09-12T22:12:40","date_gmt":"2019-09-12T20:12:40","guid":{"rendered":"http:\/\/lelegendaire.fr\/?p=681"},"modified":"2020-07-14T17:59:12","modified_gmt":"2020-07-14T15:59:12","slug":"grain-de-la-lune-aventure-au-pays-des-reves-stephane-kneubuhler","status":"publish","type":"post","link":"https:\/\/lelegendaire.fr\/index.php\/2019\/09\/12\/grain-de-la-lune-aventure-au-pays-des-reves-stephane-kneubuhler\/","title":{"rendered":"Grain de la Lune &#8211; aventure au Pays des R\u00eaves &#8211; St\u00e9phane Kneubuhler"},"content":{"rendered":"<p>[vc_row][vc_column width=\u00a0\u00bb1\/6&Prime;][vc_column_text]<\/p>\n<p style=\"text-align: center;\"><span style=\"color: #993366;\"><strong>DIMANCHE 20 OCTOBRE<\/strong><\/span><br \/>\n<span style=\"color: #993366;\"><strong>15h<\/strong><\/span><br \/>\n\u00e0 partir de 7 ans<br \/>\ndur\u00e9e 55 min<br \/>\ngratuit<br \/>\nr\u00e9sa 02 37 18 07 80 +4<\/p>\n<p>[\/vc_column_text][\/vc_column][vc_column width=\u00a0\u00bb1\/6&Prime;][vc_column_text]<\/p>\n<p style=\"text-align: center;\"><span style=\"color: #993366;\"><strong>MAINTENON<\/strong><\/span><br \/>\n<strong>Chapelle du Centre culturel<\/strong><br \/>\n2 rue Pierre Sadorge<br \/>\n<a href=\"https:\/\/www.google.com\/maps\/place\/2+Rue+Pierre+Sadorge,+28130+Maintenon\/@48.5842823,1.5739798,17z\/data=!3m1!4b1!4m5!3m4!1s0x47e41ae15d80fefb:0x95a9470b7836d311!8m2!3d48.5842823!4d1.5761685\">&gt; carte<\/a><\/p>\n<p>[\/vc_column_text][\/vc_column][vc_column width=\u00a0\u00bb1\/6&Prime;][vc_column_text]<\/p>\n<p style=\"text-align: center;\"><span style=\"color: #993366;\"><strong>St\u00e9phane Kneubuhler<\/strong><\/span><br \/>\nconte<br \/>\nchant<\/p>\n<p>[\/vc_column_text][\/vc_column][vc_column width=\u00a0\u00bb1\/2&Prime;][vc_column_text]<strong><em><span style=\"color: #993366;\">Grain de la Lune<\/span><\/em> &#8211; aventure au Pays des R\u00eaves &#8211; St\u00e9phane Kneubuhler<br \/>\n<\/strong>Grain de la Lune raconte l\u2019histoire d\u2019un petit gar\u00e7on de sept ans, Louis, qui est un fabuleux r\u00eaveur. Toutes les nuits, Louis part dans la Lune&#8230; Il y rejoint son ami YsenGrain, un loup qui habite dans un phare, et qui est gardien du Pays des R\u00eaves. Dans la Lune, Louis apprendra \u00e0 combattre les cauchemars, et \u00e0 surmonter ses peurs. Il d\u00e9couvrira \u00e9galement qu\u2019il y a, sur la face cach\u00e9e, un arbre extraordinaire, sur lequel on peut lire son nom secret, son v\u00e9ritable nom&#8230; Mais l\u2019arbre se trouve dans le jardin de T\u00e9n\u00e8bres, la Reine de la Nuit, la Grande Sorci\u00e8re&#8230; Le chemin du tr\u00e9sor sera long et parsem\u00e9 d\u2019emb\u00fbches&#8230; Louis y parviendra-t-il ? Grain de la Lune nous emm\u00e8ne au Pays des R\u00eaves et de la Po\u00e9sie. La Lune, c\u2019est l\u2019Autre Monde, le monde de l\u2019imaginaire. C\u2019est aussi celui des fant\u00f4mes et des peurs, et c\u2019est aussi celui des Anc\u00eatres&#8230; Le spectacle s\u2019inspire des transformations animales que l\u2019on peut rencontrer dans les traditions chamaniques et de la mythologie galloise. Il met en avant les pouvoirs et la magie du chant qui permet d\u2019ouvrir les portes entre les mondes. Et il raconte comment, \u00e0 travers le r\u00eave, on peut garder le lien avec ceux et celles qui nous ont quitt\u00e9&#8230; \u00ab Tu auras une longue et belle vie si tu r\u00eaves bien ! \u00bb<br \/>\n<a href=\"http:\/\/colporteurdereves.com\/conteur\/01-spectacles%20tp\/cadre-spectacles.html\">&gt; en savoir plus sur St\u00e9phane Kneubuhler<\/a>[\/vc_column_text][\/vc_column][\/vc_row][vc_row][vc_column][vc_video link=\u00a0\u00bbhttps:\/\/www.dailymotion.com\/video\/xzxmq5&Prime;][\/vc_column][\/vc_row]<\/p>\n","protected":false},"excerpt":{"rendered":"<p>[vc_row][vc_column width=\u00a0\u00bb1\/6&Prime;][vc_column_text] DIMANCHE 20 OCTOBRE 15h \u00e0 partir de 7 ans dur\u00e9e 55 min gratuit r\u00e9sa 02 37 18 07 80 +4 [\/vc_column_text][\/vc_column][vc_column width=\u00a0\u00bb1\/6&Prime;][vc_column_text] MAINTENON Chapelle du Centre culturel 2 rue Pierre Sadorge &gt; carte [\/vc_column_text][\/vc_column][vc_column width=\u00a0\u00bb1\/6&Prime;][vc_column_text] St\u00e9phane Kneubuhler conte chant [\/vc_column_text][\/vc_column][vc_column width=\u00a0\u00bb1\/2&Prime;][vc_column_text]Grain de la Lune &#8211; aventure au Pays des R\u00eaves &#8211; St\u00e9phane Kneubuhler Grain de la Lune raconte l\u2019histoire d\u2019un petit gar\u00e7on de sept ans, Louis, qui est un fabuleux r\u00eaveur. Toutes les nuits, Louis part dans la Lune&#8230; Il y rejoint son ami YsenGrain, un loup qui habite dans un phare, et qui est gardien du Pays des R\u00eaves. Dans la Lune, Louis apprendra \u00e0 combattre les cauchemars, et \u00e0 surmonter ses peurs. Il d\u00e9couvrira \u00e9galement qu\u2019il y a, sur la face cach\u00e9e, un arbre extraordinaire, sur lequel on peut lire son nom secret, son v\u00e9ritable nom&#8230; Mais l\u2019arbre se trouve dans le jardin de T\u00e9n\u00e8bres, la Reine de la Nuit, la Grande Sorci\u00e8re&#8230; Le chemin du tr\u00e9sor sera long et parsem\u00e9 d\u2019emb\u00fbches&#8230; Louis y parviendra-t-il ? Grain de la Lune nous emm\u00e8ne au Pays des R\u00eaves et de la Po\u00e9sie. La Lune, c\u2019est l\u2019Autre Monde, le monde de l\u2019imaginaire. C\u2019est aussi celui des fant\u00f4mes et des peurs, et c\u2019est aussi celui des Anc\u00eatres&#8230; Le spectacle s\u2019inspire des transformations animales que l\u2019on peut rencontrer dans les traditions chamaniques et de la mythologie galloise. Il met en avant les pouvoirs et la magie du chant qui permet d\u2019ouvrir les portes entre les mondes. Et il raconte comment, \u00e0 travers le r\u00eave, on peut garder le lien avec ceux et celles qui nous ont quitt\u00e9&#8230; \u00ab Tu auras une longue et belle vie si tu r\u00eaves bien ! \u00bb &gt; en savoir plus sur St\u00e9phane Kneubuhler[\/vc_column_text][\/vc_column][\/vc_row][vc_row][vc_column][vc_video link=\u00a0\u00bbhttps:\/\/www.dailymotion.com\/video\/xzxmq5&Prime;][\/vc_column][\/vc_row]<\/p>\n","protected":false},"author":1,"featured_media":0,"comment_status":"open","ping_status":"open","sticky":false,"template":"","format":"standard","meta":[],"categories":[11],"tags":[],"_links":{"self":[{"href":"https:\/\/lelegendaire.fr\/index.php\/wp-json\/wp\/v2\/posts\/681"}],"collection":[{"href":"https:\/\/lelegendaire.fr\/index.php\/wp-json\/wp\/v2\/posts"}],"about":[{"href":"https:\/\/lelegendaire.fr\/index.php\/wp-json\/wp\/v2\/types\/post"}],"author":[{"embeddable":true,"href":"https:\/\/lelegendaire.fr\/index.php\/wp-json\/wp\/v2\/users\/1"}],"replies":[{"embeddable":true,"href":"https:\/\/lelegendaire.fr\/index.php\/wp-json\/wp\/v2\/comments?post=681"}],"version-history":[{"count":2,"href":"https:\/\/lelegendaire.fr\/index.php\/wp-json\/wp\/v2\/posts\/681\/revisions"}],"predecessor-version":[{"id":1064,"href":"https:\/\/lelegendaire.fr\/index.php\/wp-json\/wp\/v2\/posts\/681\/revisions\/1064"}],"wp:attachment":[{"href":"https:\/\/lelegendaire.fr\/index.php\/wp-json\/wp\/v2\/media?parent=681"}],"wp:term":[{"taxonomy":"category","embeddable":true,"href":"https:\/\/lelegendaire.fr\/index.php\/wp-json\/wp\/v2\/categories?post=681"},{"taxonomy":"post_tag","embeddable":true,"href":"https:\/\/lelegendaire.fr\/index.php\/wp-json\/wp\/v2\/tags?post=681"}],"curies":[{"name":"wp","href":"https:\/\/api.w.org\/{rel}","templated":true}]}}